{"id":2164,"date":"2026-01-23T03:30:38","date_gmt":"2026-01-23T06:30:38","guid":{"rendered":"https:\/\/transportevertical.org\/sitio\/?p=2164"},"modified":"2026-01-23T07:46:00","modified_gmt":"2026-01-23T10:46:00","slug":"ascenval-el-trabajo-continua","status":"publish","type":"post","link":"http:\/\/transportevertical.org\/sitio\/ascenval-el-trabajo-continua\/","title":{"rendered":"Ascenval: El Trabajo Continua"},"content":{"rendered":"<p><img loading=\"lazy\" decoding=\"async\" class=\"aligncenter size-full wp-image-2170\" src=\"http:\/\/transportevertical.org\/sitio\/wp-content\/uploads\/2026\/01\/ascenval-valpo.jpg\" alt=\"\" width=\"660\" height=\"330\" srcset=\"http:\/\/transportevertical.org\/sitio\/wp-content\/uploads\/2026\/01\/ascenval-valpo.jpg 660w, http:\/\/transportevertical.org\/sitio\/wp-content\/uploads\/2026\/01\/ascenval-valpo-300x150.jpg 300w\" sizes=\"auto, (max-width: 660px) 100vw, 660px\" \/><\/p>\n<p><strong><em>La Agrupaci\u00f3n de Usuarios y Usuarias de Ascensores de Valpara\u00edso<\/em><\/strong>, continua su labor durante 2026, es previsible un escenario incierto por el nuevo ciclo pol\u00edtico y econ\u00f3mico que se inicia constitucionalmente en Chile \u2013periodo de cuatro a\u00f1os-, a contar del 11 de marzo pr\u00f3ximo.<\/p>\n<p>El escenario incierto, se entiende por la din\u00e1mica interna en la sociedad chilena, donde conviven concepciones de desarrollo diferentes, agreg\u00e1ndose a ello un panorama altamente preocupante para nuestro continente por la interacci\u00f3n de las potencias mundiales en sus afanes de hegemon\u00eda pol\u00edtica y econ\u00f3mica (Estados Unidos, Rusia, China).<\/p>\n<p>Agreguemos un hito hist\u00f3rico interesante para la regi\u00f3n: <u>el 17 de enero el MERCOSUIR y la Uni\u00f3n Europea (UE), firmaron su acuerdo de asociaci\u00f3n<\/u><strong><em>: \u201cLas autoridades latinoamericanas y europeas coincidieron en los beneficios del acuerdo para los pa\u00edses y las ciudadan\u00edas, en la oportunidad de concretarlo en el actual contexto y en los valores compartidos entre los dos bloques\u201d. <\/em><\/strong><\/p>\n<p>Son 35 a\u00f1os de proceso de integraci\u00f3n regional latinoamericano (Brasil, Argentina, Uruguay y Paraguay), incluyendo Estados asociados como Bolivia y Panam\u00e1, que han culminado con una asociaci\u00f3n estrat\u00e9gica con la Uni\u00f3n Europea abarcando un mercado de 700 millones de habitantes.<\/p>\n<p>Reflexionar y considerar estos temas resulta fundamental, pues los pa\u00edses en v\u00edas de desarrollo como el nuestro, la pol\u00edtica internacional siempre incide en los cursos de acci\u00f3n nacional.<\/p>\n<p><img loading=\"lazy\" decoding=\"async\" class=\"aligncenter size-full wp-image-2165\" src=\"http:\/\/transportevertical.org\/sitio\/wp-content\/uploads\/2026\/01\/mercosur.jpg\" alt=\"\" width=\"660\" height=\"330\" srcset=\"http:\/\/transportevertical.org\/sitio\/wp-content\/uploads\/2026\/01\/mercosur.jpg 660w, http:\/\/transportevertical.org\/sitio\/wp-content\/uploads\/2026\/01\/mercosur-300x150.jpg 300w\" sizes=\"auto, (max-width: 660px) 100vw, 660px\" \/><\/p>\n<p>Antes de volver a nuestros asuntos locales, <strong><em>hemos de recordar la importancia de la industria del Transporte Vertical en el Mercosur, sector de la elevaci\u00f3n desarrollado principalmente por pa\u00edses como Brasil y Argentina.<\/em><\/strong><\/p>\n<p>Desde enero 2026 se han reajustado las tarifas del Tren Limache Puerto y ascensores de Valpara\u00edso.<\/p>\n<p>La empresa (EFE Valpara\u00edso) ha se\u00f1alado que la actualizaci\u00f3n de las tarifas est\u00e1 vinculada a la variaci\u00f3n de costos asociados al material rodante y mano de obra. Ha declarado que se mantendr\u00e1n los beneficios vigentes para adultos mayores, personas con discapacidad y estudiantes, a este sector de usuarios se aplicar\u00e1n ajustes proporcionales de acuerdo a los casos.<\/p>\n<p>Por otra parte, la Municipalidad de Valpara\u00edso, tambi\u00e9n ha comunicado una actualizaci\u00f3n de las tarifas en los ascensores de la ciudad, ello, atribuido al aumento de costos del sistema del transporte p\u00fablico. Se mantendr\u00e1n exentos de pago los menores de 14 a\u00f1os, estudiantes con credencial vigente y personas mayores de 60 a\u00f1os, en tanto, los turistas extranjeros pagar\u00e1n $1.000.<\/p>\n<p><strong><em>Al respecto la opini\u00f3n de ASCENVAL,<\/em><\/strong> <u>enfatiza lo siguiente: el sistema de reajuste debe ir acompa\u00f1ado de mejoras concretas para los usuarios, advirtiendo que cobros excesivos pueden transformarse en una barrera para la movilidad integrada en la ciudad, insistiendo que el ajuste tarifario deber\u00eda reflejarse en mantenci\u00f3n preventiva, regularidad en el funcionamiento y seguridad de este tipo de transporte. <\/u><\/p>\n<p>Existe otro frente de acci\u00f3n que preocupa a los integrantes de <strong><em>ASCENVAL,<\/em><\/strong> relacionado con la situaci\u00f3n de abandono generalizado de estos ascensores patrimoniales y los atentados vand\u00e1licos que les afectan, de tanto en tanto.<\/p>\n<p><strong><em>ASCENVAL<\/em><\/strong>, denuncio otro atentado contra los ascensores patrimoniales porte\u00f1os, en este caso, la comunidad del cerro Artiller\u00eda donde est\u00e1 emplazado el ascensor detenido desde abril del a\u00f1o 2021, registro a un grupo de j\u00f3venes \u2013verdaderos v\u00e1ndalos antisociales-, quebrando vidrios y causando desordenes en sus abandonadas instalaciones, estos j\u00f3venes estando identificados y siendo detenidos quedaron en libertad posteriormente (\u00bf\u00a1).<\/p>\n<p>De estas actividades permanentes \u2013y muchas m\u00e1s desarrolladas por a\u00f1os- de la Agrupaci\u00f3n, ha nacido el t\u00edtulo del presente art\u00edculo:<\/p>\n<p style=\"text-align: center;\"><strong>\u201cASCENVAL: EL TRABAJO CONTINUA\u201d<\/strong><\/p>\n<p>&nbsp;<\/p>\n<p><strong>Fuentes referenciales<\/strong><\/p>\n<ul>\n<li>https:\/\/www.elmostrador.cl\/datos-utiles\/2026\/01\/20\/nuevas-tarifas-del-tren-limache-puerto-y-ascensores-de-valparaiso-desde-enero-de-2026\/<\/li>\n<li>https:\/\/www.mercosur.int\/historico-el-mercosur-y-la-union-europea-firmaron-su-acuerdo-de-asociacion<\/li>\n<li>https:\/\/www.soychile.cl\/valparaiso\/sociedad\/2025\/12\/11\/932414\/danos-acensor-artilleria-valparaiso.html<\/li>\n<\/ul>\n<p><strong>\u00a0<\/strong><\/p>\n","protected":false},"excerpt":{"rendered":"<p>La Agrupaci\u00f3n de Usuarios y Usuarias de Ascensores de Valpara\u00edso, continua su labor durante 2026, es previsible un escenario incierto por el nuevo ciclo pol\u00edtico y econ\u00f3mico que se inicia constitucionalmente en Chile \u2013periodo de cuatro a\u00f1os-, a contar del 11 de marzo pr\u00f3ximo. El escenario incierto, se entiende por la din\u00e1mica interna en la &hellip;<\/p>\n","protected":false},"author":1,"featured_media":2170,"comment_status":"closed","ping_status":"closed","sticky":false,"template":"","format":"standard","meta":{"footnotes":""},"categories":[48,49,1],"tags":[],"class_list":["post-2164","post","type-post","status-publish","format-standard","has-post-thumbnail","","category-48","category-49","category-noticias"],"_links":{"self":[{"href":"http:\/\/transportevertical.org\/sitio\/wp-json\/wp\/v2\/posts\/2164","targetHints":{"allow":["GET"]}}],"collection":[{"href":"http:\/\/transportevertical.org\/sitio\/wp-json\/wp\/v2\/posts"}],"about":[{"href":"http:\/\/transportevertical.org\/sitio\/wp-json\/wp\/v2\/types\/post"}],"author":[{"embeddable":true,"href":"http:\/\/transportevertical.org\/sitio\/wp-json\/wp\/v2\/users\/1"}],"replies":[{"embeddable":true,"href":"http:\/\/transportevertical.org\/sitio\/wp-json\/wp\/v2\/comments?post=2164"}],"version-history":[{"count":5,"href":"http:\/\/transportevertical.org\/sitio\/wp-json\/wp\/v2\/posts\/2164\/revisions"}],"predecessor-version":[{"id":2173,"href":"http:\/\/transportevertical.org\/sitio\/wp-json\/wp\/v2\/posts\/2164\/revisions\/2173"}],"wp:featuredmedia":[{"embeddable":true,"href":"http:\/\/transportevertical.org\/sitio\/wp-json\/wp\/v2\/media\/2170"}],"wp:attachment":[{"href":"http:\/\/transportevertical.org\/sitio\/wp-json\/wp\/v2\/media?parent=2164"}],"wp:term":[{"taxonomy":"category","embeddable":true,"href":"http:\/\/transportevertical.org\/sitio\/wp-json\/wp\/v2\/categories?post=2164"},{"taxonomy":"post_tag","embeddable":true,"href":"http:\/\/transportevertical.org\/sitio\/wp-json\/wp\/v2\/tags?post=2164"}],"curies":[{"name":"wp","href":"https:\/\/api.w.org\/{rel}","templated":true}]}}