{"id":2175,"date":"2026-01-30T03:00:50","date_gmt":"2026-01-30T06:00:50","guid":{"rendered":"https:\/\/transportevertical.org\/sitio\/?p=2175"},"modified":"2026-01-25T09:11:50","modified_gmt":"2026-01-25T12:11:50","slug":"el-desafio-del-transporte-vertical","status":"publish","type":"post","link":"http:\/\/transportevertical.org\/sitio\/el-desafio-del-transporte-vertical\/","title":{"rendered":"El desaf\u00edo del Transporte Vertical"},"content":{"rendered":"<p><img loading=\"lazy\" decoding=\"async\" class=\"aligncenter size-full wp-image-2178\" src=\"http:\/\/transportevertical.org\/sitio\/wp-content\/uploads\/2026\/01\/tecnicos.jpg\" alt=\"\" width=\"660\" height=\"330\" srcset=\"http:\/\/transportevertical.org\/sitio\/wp-content\/uploads\/2026\/01\/tecnicos.jpg 660w, http:\/\/transportevertical.org\/sitio\/wp-content\/uploads\/2026\/01\/tecnicos-300x150.jpg 300w\" sizes=\"auto, (max-width: 660px) 100vw, 660px\" \/><\/p>\n<h4><strong>\u00bfPor qu\u00e9 la industria latinoamericana del transporte vertical debe dejar de ser un oficio y transformarse en una profesi\u00f3n?<\/strong><\/h4>\n<div class=\"relative basis-auto flex-col -mb-(--composer-overlap-px) [--composer-overlap-px:28px] grow flex\">\n<div class=\"flex flex-col text-sm pb-25\">\n<article class=\"text-token-text-primary w-full focus:outline-none [--shadow-height:45px] has-data-writing-block:pointer-events-none has-data-writing-block:-mt-(--shadow-height) has-data-writing-block:pt-(--shadow-height) [&amp;:has([data-writing-block])&gt;*]:pointer-events-auto scroll-mt-[calc(var(--header-height)+min(200px,max(70px,20svh)))]\" dir=\"auto\" tabindex=\"-1\" data-turn-id=\"b3ecba96-1c3e-4180-91e1-10d77b008f50\" data-testid=\"conversation-turn-2\" data-scroll-anchor=\"true\" data-turn=\"assistant\">\n<div class=\"text-base my-auto mx-auto pb-10 [--thread-content-margin:--spacing(4)] @w-sm\/main:[--thread-content-margin:--spacing(6)] @w-lg\/main:[--thread-content-margin:--spacing(16)] px-(--thread-content-margin)\">\n<div class=\"[--thread-content-max-width:40rem] @w-lg\/main:[--thread-content-max-width:48rem] mx-auto max-w-(--thread-content-max-width) flex-1 group\/turn-messages focus-visible:outline-hidden relative flex w-full min-w-0 flex-col agent-turn\" tabindex=\"-1\">\n<div class=\"flex max-w-full flex-col grow\">\n<div class=\"min-h-8 text-message relative flex w-full flex-col items-end gap-2 text-start break-words whitespace-normal [.text-message+&amp;]:mt-1\" dir=\"auto\" data-message-author-role=\"assistant\" data-message-id=\"81d068bc-e997-445f-83e0-5aac150d9097\" data-message-model-slug=\"gpt-5-2\">\n<div class=\"flex w-full flex-col gap-1 empty:hidden first:pt-[1px]\">\n<div class=\"markdown prose dark:prose-invert w-full wrap-break-word dark markdown-new-styling\">\n<p data-start=\"340\" data-end=\"758\">Durante d\u00e9cadas, el transporte vertical en Am\u00e9rica Latina ha sido entendido, en muchos casos, como un oficio aprendido en la pr\u00e1ctica: el t\u00e9cnico que \u201csabe de ascensores\u201d, el mantenedor que aprendi\u00f3 mirando a otro, el instalador que hered\u00f3 el conocimiento del maestro anterior. Este modelo, que fue funcional en un contexto de ciudades m\u00e1s peque\u00f1as y tecnolog\u00edas m\u00e1s simples, hoy muestra claras se\u00f1ales de agotamiento.<\/p>\n<p data-start=\"760\" data-end=\"1276\">Las ciudades latinoamericanas crecieron hacia arriba y hacia los cerros. La densificaci\u00f3n urbana, la verticalizaci\u00f3n de la vivienda, el envejecimiento de la poblaci\u00f3n y la necesidad de accesibilidad universal han convertido al transporte vertical en una infraestructura cr\u00edtica, tan esencial como el agua, la electricidad o el transporte p\u00fablico. Sin embargo, el desarrollo humano y profesional del sector no siempre ha avanzado al mismo ritmo que la complejidad t\u00e9cnica de los sistemas que hoy se instalan y operan.<\/p>\n<p data-start=\"1278\" data-end=\"1524\">Aqu\u00ed aparece el desaf\u00edo central: seguir tratando el transporte vertical como un oficio limita su evoluci\u00f3n, su seguridad y su impacto social. Transformarlo en una profesi\u00f3n es una necesidad estrat\u00e9gica para las ciudades del presente y del futuro.<\/p>\n<p data-start=\"1526\" data-end=\"2039\">En gran parte de Am\u00e9rica Latina, el aprendizaje informal ha generado t\u00e9cnicos muy valiosos, con una gran capacidad pr\u00e1ctica y una notable intuici\u00f3n t\u00e9cnica. El problema no es el saber hacer, sino la ausencia de un marco profesional integral. Hoy, un sistema de transporte vertical ya no es solo un conjunto de piezas mec\u00e1nicas. Es una combinaci\u00f3n de electr\u00f3nica avanzada, software, sensores, inteligencia artificial, normativas de seguridad, gesti\u00f3n de riesgos, sostenibilidad energ\u00e9tica y experiencia de usuario.<\/p>\n<p data-start=\"2041\" data-end=\"2372\">Cuando el conocimiento queda \u00fanicamente en la pr\u00e1ctica cotidiana, se vuelve fr\u00e1gil frente a la rotaci\u00f3n laboral, los cambios tecnol\u00f3gicos y la exigencia regulatoria. Adem\u00e1s, dificulta la estandarizaci\u00f3n de procesos, la certificaci\u00f3n de competencias y el reconocimiento social del rol que cumplen quienes trabajan en esta industria.<\/p>\n<p data-start=\"2374\" data-end=\"2666\">La profesionalizaci\u00f3n implica formaci\u00f3n estructurada, actualizaci\u00f3n permanente y una identidad clara del rol que se desempe\u00f1a. No se trata solo de \u201creparar\u201d o \u201cmantener\u201d, sino de dise\u00f1ar soluciones de movilidad vertical que impactan directamente en la calidad de vida de millones de personas.<\/p>\n<p data-start=\"2710\" data-end=\"3237\">Cuando miramos experiencias europeas y asi\u00e1ticas, el contraste es evidente. En varios pa\u00edses de Europa, el transporte vertical est\u00e1 plenamente integrado al ecosistema acad\u00e9mico y profesional. Existen carreras t\u00e9cnicas y universitarias, certificaciones oficiales, est\u00e1ndares de competencia y una fuerte articulaci\u00f3n entre industria, Estado y centros de formaci\u00f3n. El t\u00e9cnico o ingeniero en transporte vertical no solo ejecuta tareas, sino que participa en el dise\u00f1o, la planificaci\u00f3n urbana y la toma de decisiones estrat\u00e9gicas.<\/p>\n<p data-start=\"3239\" data-end=\"3752\">En Asia, especialmente en regiones altamente urbanizadas, el enfoque va a\u00fan m\u00e1s lejos. El transporte vertical se concibe como parte del sistema inteligente de la ciudad. Ascensores que se comunican con plataformas digitales, sistemas predictivos de mantenimiento, integraci\u00f3n con flujos masivos de pasajeros y soluciones adaptadas a megaciudades densas y complejas. En ese contexto, la figura del profesional especializado es indispensable; el margen de error es m\u00ednimo y el impacto de una falla puede ser enorme.<\/p>\n<p data-start=\"3754\" data-end=\"3924\">Estas experiencias muestran algo clave: cuando el transporte vertical se profesionaliza, deja de ser un costo operativo y pasa a ser un activo estrat\u00e9gico para la ciudad.<\/p>\n<p data-start=\"3926\" data-end=\"4302\">Am\u00e9rica Latina tiene una oportunidad \u00fanica. Muchas de sus ciudades a\u00fan est\u00e1n en proceso de transformaci\u00f3n y expansi\u00f3n. Incorporar una visi\u00f3n profesional del transporte vertical permitir\u00eda no solo mejorar la seguridad y eficiencia de los sistemas, sino tambi\u00e9n generar empleo de mayor calidad, carreras con proyecci\u00f3n internacional y una industria m\u00e1s innovadora y competitiva.<\/p>\n<p data-start=\"4304\" data-end=\"4657\">Profesionalizar no significa excluir a quienes aprendieron el oficio en terreno. Al contrario, significa reconocer ese conocimiento, sistematizarlo, complementarlo con formaci\u00f3n t\u00e9cnica y acad\u00e9mica, y darle un marco que permita crecer. Significa pasar del \u201cyo s\u00e9 hacerlo\u201d al \u201cestoy capacitado, certificado y actualizado para hacerlo bien, hoy y ma\u00f1ana\u201d.<\/p>\n<p data-start=\"4659\" data-end=\"4950\">El transporte vertical es movilidad, es inclusi\u00f3n, es dignidad urbana. Tratarlo como un oficio del pasado es desaprovechar su potencial. Entenderlo como una profesi\u00f3n del futuro es una decisi\u00f3n que impactar\u00e1 directamente en la forma en que vivimos, nos movemos y habitamos nuestras ciudades.<\/p>\n<p data-start=\"4952\" data-end=\"5167\" data-is-last-node=\"\" data-is-only-node=\"\">Si Am\u00e9rica Latina quiere ciudades m\u00e1s justas, accesibles y modernas, el camino es claro: el transporte vertical debe dejar de ser solo un oficio y asumir, de una vez por todas, su lugar como una verdadera profesi\u00f3n.<\/p>\n<\/div>\n<\/div>\n<\/div>\n<\/div>\n<\/div>\n<\/div>\n<\/article>\n<\/div>\n<\/div>\n<div id=\"thread-bottom-container\" class=\"sticky bottom-0 group\/thread-bottom-container relative isolate z-10 w-full basis-auto has-data-has-thread-error:pt-2 has-data-has-thread-error:[box-shadow:var(--sharp-edge-bottom-shadow)] md:border-transparent md:pt-0 dark:border-white\/20 md:dark:border-transparent print:hidden content-fade single-line\">\n<div class=\"text-base mx-auto [--thread-content-margin:--spacing(4)] @w-sm\/main:[--thread-content-margin:--spacing(6)] @w-lg\/main:[--thread-content-margin:--spacing(16)] px-(--thread-content-margin)\">\n<div class=\"[--thread-content-max-width:40rem] @w-lg\/main:[--thread-content-max-width:48rem] mx-auto max-w-(--thread-content-max-width) flex-1 mb-4\">\n<div class=\"pointer-events-auto relative z-1 flex h-(--composer-container-height,100%) max-w-full flex-(--composer-container-flex,1) flex-col\">\n<form class=\"group\/composer w-full\" data-type=\"unified-composer\">\n<div class=\"\">\n<div class=\"bg-token-bg-primary corner-superellipse\/1.1 cursor-text overflow-clip bg-clip-padding p-2.5 contain-inline-size motion-safe:transition-colors motion-safe:duration-200 motion-safe:ease-in-out dark:bg-[#303030] grid grid-cols-[auto_1fr_auto] [grid-template-areas:'header_header_header'_'leading_primary_trailing'_'._footer_.'] group-data-expanded\/composer:[grid-template-areas:'header_header_header'_'primary_primary_primary'_'leading_footer_trailing'] shadow-short\" data-composer-surface=\"true\">\n<div class=\"-my-2.5 flex min-h-14 items-center overflow-x-hidden px-1.5 [grid-area:primary] group-data-expanded\/composer:mb-0 group-data-expanded\/composer:px-2.5\">\n<div class=\"wcDTda_prosemirror-parent text-token-text-primary max-h-[max(30svh,5rem)] max-h-52 min-h-[var(--deep-research-composer-extra-height,unset)] flex-1 overflow-auto [scrollbar-width:thin] default-browser vertical-scroll-fade-mask\">\n<div id=\"prompt-textarea\" class=\"ProseMirror\" contenteditable=\"true\" translate=\"no\" data-virtualkeyboard=\"true\"><\/div>\n<\/div>\n<\/div>\n<\/div>\n<\/div>\n<\/form>\n<\/div>\n<\/div>\n<\/div>\n<\/div>\n","protected":false},"excerpt":{"rendered":"<p>\u00bfPor qu\u00e9 la industria latinoamericana del transporte vertical debe dejar de ser un oficio y transformarse en una profesi\u00f3n? Durante d\u00e9cadas, el transporte vertical en Am\u00e9rica Latina ha sido entendido, en muchos casos, como un oficio aprendido en la pr\u00e1ctica: el t\u00e9cnico que \u201csabe de ascensores\u201d, el mantenedor que aprendi\u00f3 mirando a otro, el instalador &hellip;<\/p>\n","protected":false},"author":2,"featured_media":2178,"comment_status":"closed","ping_status":"closed","sticky":false,"template":"","format":"standard","meta":{"footnotes":""},"categories":[49,4,1],"tags":[],"class_list":["post-2175","post","type-post","status-publish","format-standard","has-post-thumbnail","","category-49","category-internacional","category-noticias"],"_links":{"self":[{"href":"http:\/\/transportevertical.org\/sitio\/wp-json\/wp\/v2\/posts\/2175","targetHints":{"allow":["GET"]}}],"collection":[{"href":"http:\/\/transportevertical.org\/sitio\/wp-json\/wp\/v2\/posts"}],"about":[{"href":"http:\/\/transportevertical.org\/sitio\/wp-json\/wp\/v2\/types\/post"}],"author":[{"embeddable":true,"href":"http:\/\/transportevertical.org\/sitio\/wp-json\/wp\/v2\/users\/2"}],"replies":[{"embeddable":true,"href":"http:\/\/transportevertical.org\/sitio\/wp-json\/wp\/v2\/comments?post=2175"}],"version-history":[{"count":4,"href":"http:\/\/transportevertical.org\/sitio\/wp-json\/wp\/v2\/posts\/2175\/revisions"}],"predecessor-version":[{"id":2180,"href":"http:\/\/transportevertical.org\/sitio\/wp-json\/wp\/v2\/posts\/2175\/revisions\/2180"}],"wp:featuredmedia":[{"embeddable":true,"href":"http:\/\/transportevertical.org\/sitio\/wp-json\/wp\/v2\/media\/2178"}],"wp:attachment":[{"href":"http:\/\/transportevertical.org\/sitio\/wp-json\/wp\/v2\/media?parent=2175"}],"wp:term":[{"taxonomy":"category","embeddable":true,"href":"http:\/\/transportevertical.org\/sitio\/wp-json\/wp\/v2\/categories?post=2175"},{"taxonomy":"post_tag","embeddable":true,"href":"http:\/\/transportevertical.org\/sitio\/wp-json\/wp\/v2\/tags?post=2175"}],"curies":[{"name":"wp","href":"https:\/\/api.w.org\/{rel}","templated":true}]}}