{"id":1233,"date":"2023-03-27T11:15:40","date_gmt":"2023-03-27T14:15:40","guid":{"rendered":"https:\/\/transportevertical.org\/sitio\/?p=1233"},"modified":"2025-05-08T16:22:06","modified_gmt":"2025-05-08T20:22:06","slug":"la-ascendente-movilidad-del-transporte-vertical-en-brasil","status":"publish","type":"post","link":"https:\/\/transportevertical.org\/sitio\/la-ascendente-movilidad-del-transporte-vertical-en-brasil\/","title":{"rendered":"La Ascendente Movilidad del Transporte Vertical en Brasil"},"content":{"rendered":"<h4><img loading=\"lazy\" decoding=\"async\" class=\"aligncenter size-full wp-image-1234\" src=\"https:\/\/transportevertical.org\/sitio\/wp-content\/uploads\/2023\/03\/brasil01.jpg\" alt=\"\" width=\"661\" height=\"351\" srcset=\"https:\/\/transportevertical.org\/sitio\/wp-content\/uploads\/2023\/03\/brasil01.jpg 661w, https:\/\/transportevertical.org\/sitio\/wp-content\/uploads\/2023\/03\/brasil01-300x159.jpg 300w, https:\/\/transportevertical.org\/sitio\/wp-content\/uploads\/2023\/03\/brasil01-310x165.jpg 310w\" sizes=\"auto, (max-width: 661px) 100vw, 661px\" \/><\/h4>\n<h4><strong>Al ritmo de samba\u2026 <\/strong><\/h4>\n<p>Cuando mencionamos a Brasil, pensamos que es una potencia futbol\u00edstica a nivel global (pentacampeones), tambi\u00e9n recordamos su extensi\u00f3n territorial y su econom\u00eda, evocamos sus playas y la alegr\u00eda de su pueblo, tambi\u00e9n recordamos los enclaves de las favelas y la gran diferencia socio-econ\u00f3mica de los brasile\u00f1os.<\/p>\n<p>En este art\u00edculo, emulando el ritmo de la samba, a veces fren\u00e9tico, otras acompasado y lento, comunicaremos hechos relacionados con la movediza industria de la elevaci\u00f3n en Brasil.<\/p>\n<h4><strong>Algunos ejemplos de la ascendente movilidad.<\/strong><\/h4>\n<p><strong>UNO.<\/strong> En el Balneario Cambori\u00fa, se emplazar\u00e1 el proyecto denominado Torre Triunfo, este futuro rascacielos se levantar\u00e1, frente al mar, en la Avenida Atl\u00e1ntica, Barra Sul. Aun manteniendo la acostumbrada reserva, la informaci\u00f3n general sobre el futuro proyecto es la siguiente:<\/p>\n<ul>\n<li>Edificio residencial m\u00e1s alto del mundo.<\/li>\n<li>509 metros de altura.<\/li>\n<li>154 pisos.<\/li>\n<li>233 departamentos, incluyendo 3 triples (superficie total de 1.500 m<sup>2)<\/sup>.<\/li>\n<li>488 estacionamientos privados.<\/li>\n<li>2 departamentos por piso con ubicaci\u00f3n frente al mar.<\/li>\n<\/ul>\n<p>La enorme complejidad del proyecto y dado que se trata de un rascacielos, el cu\u00e1l en altura es el doble de las edificaciones existentes en el sector, va a requerir de elevados costos, extenso tiempo de estudio y planificaci\u00f3n, para su instalaci\u00f3n final.<\/p>\n<p><strong>DOS.<\/strong> El Metro de Sao Paulo, ha informado, la adecuaci\u00f3n de la estaci\u00f3n San Joaqu\u00edn de la L\u00ednea 1-Azul, inaugurada en la d\u00e9cada de los 70, para que pueda conectarse con la estaci\u00f3n San Joaqu\u00edn de la L\u00ednea 6-Orange. Metro, da cuenta acerca de la apertura de un amplio paso para que los usuarios puedan acceder y movilizarse entre ambos ramales. <u>Estos nuevos accesos requieren aumentar el n\u00famero de escaleras mec\u00e1nicas y ascensores<\/u>.<\/p>\n<p><strong>TRES.<\/strong> En R\u00edo de Janeiro, est\u00e1 promulgada desde el 20-12-2022, la Ley Complementaria 259 que, entre otras disposiciones, <u>favorece la accesibilidad de las personas con discapacidad<\/u>, dictaminando la obligaci\u00f3n para todos los ascensores (de uso p\u00fablico, de uso colectivo y de uso privado multifamiliar), la instalaci\u00f3n de dispositivos externos y se\u00f1alizaci\u00f3n de voz interna, para informar a los usuarios con discapacidad visual, sobre la llegada al piso solicitado. R\u00edo de Janeiro, fue donde se cre\u00f3 la primera ley espec\u00edfica para regular los ascensores y est\u00e1 a la vanguardia en t\u00e9rminos de accesibilidad. Esta Ley, se aplicar\u00e1 a los ascensores existentes y no s\u00f3lo a los nuevos. Existe una amplia poblaci\u00f3n en Brasil, con alg\u00fan tipo de discapacidad, alrededor del 10 % de la poblaci\u00f3n total.<\/p>\n<p>El ascensor \u2013 <u>veh\u00edculo principal del Transporte Vertical<\/u> -, es esencial para la accesibilidad, a nivel mundial la poblaci\u00f3n envejece, pero, con aumento de las expectativas de vida, por tanto, las ciudades deben dise\u00f1arse de forma segura y accesible, para que <strong>TODOS<\/strong> puedan desplazarse f\u00e1cilmente.<\/p>\n<p><strong>CUATRO.<\/strong> La Revista Elevador Brasil, patrocina la Expo Elevador, que desde 2006, como feria especializada, viene consolid\u00e1ndose en el mercado latinoamericano, siendo un nexo entre empresas de mantenci\u00f3n, instalaci\u00f3n y modernizaci\u00f3n de los diferentes pa\u00edses. Este a\u00f1o, la feria, se realizar\u00e1 en el mes de mayo.<\/p>\n<h4><img loading=\"lazy\" decoding=\"async\" class=\"aligncenter size-full wp-image-1235\" src=\"https:\/\/transportevertical.org\/sitio\/wp-content\/uploads\/2023\/03\/brasil02.jpg\" alt=\"\" width=\"327\" height=\"242\" srcset=\"https:\/\/transportevertical.org\/sitio\/wp-content\/uploads\/2023\/03\/brasil02.jpg 327w, https:\/\/transportevertical.org\/sitio\/wp-content\/uploads\/2023\/03\/brasil02-300x222.jpg 300w\" sizes=\"auto, (max-width: 327px) 100vw, 327px\" \/><\/h4>\n<h4><strong>La otra cara de la medalla. <\/strong><\/h4>\n<p>Otro aspecto de la industria que difundimos, est\u00e1 relacionado con los accidentes de usuarios y personal t\u00e9cnico. En todo el mundo, los accidentes en esta industria son inherentes a ella, no obstante, las pol\u00edticas de prevenci\u00f3n de riesgos impulsadas por las empresas.<\/p>\n<p><u>Los primeros d\u00edas de marzo 2023<\/u>, 4 personas resultaron con heridas debido a falla de un ascensor del hospital Regional do Cariri, en Juazeiro do Norte, Cear\u00e1. 15 personas ocupaban el ascensor, el cual aumento su velocidad de descenso entre el 1\u00b0 piso hasta el 2\u00b0 s\u00f3tano. Los usuarios tuvieron lesiones leves, siendo atendidos en el hospital y dados de alta.<\/p>\n<p><u>El domingo 19 de marzo<\/u>, por la tarde, ocurri\u00f3 otro accidente en un ascensor instalado en el barrio Mangabeiras, en Macei\u00f3. El equipo con capacidad para 8 pasajeros, fue abordado por 11 personas, de acuerdo a registro de video circulando en las redes sociales; ello derivo en que la cabina descendiera hasta la parte m\u00e1s baja de la Caja de Elevadores, siendo rescatados por vecinos del condominio y con tres pasajeros heridos. De acuerdo al administrador del edificio, el mantenimiento de los ascensores estaba al d\u00eda, pero, igualmente solicitaran una investigaci\u00f3n especializada.<\/p>\n<p>De acuerdo a lo anteriormente expuesto, tenemos 4 conclusiones comunes a la industria en todo el mundo:<\/p>\n<ul>\n<li>Trascendencia global, de la accesibilidad universal.<\/li>\n<li>Mercado de ascensores y escaleras mec\u00e1nicas: innovador y din\u00e1mico.<\/li>\n<li>Usuarios, con d\u00e9bil conocimiento en uso correcto de equipos.<\/li>\n<li>Importancia de la normativa t\u00e9cnica, aplicada al sector.<\/li>\n<\/ul>\n<p>&nbsp;<\/p>\n<p><span style=\"font-size: 10pt;\"><em><strong>Fuentes referenciales<\/strong><\/em><\/span><\/p>\n<p><span style=\"font-size: 10pt;\"><em>Revista Elevador Brasil<br \/>\n<\/em><\/span><span style=\"font-size: 10pt;\"><em><a href=\"http:\/\/www.expoelevador.com\">www.expoelevador.com<\/a><\/em><\/span><\/p>\n<p><span style=\"font-size: 10pt;\"><em>https.\/\/infolev.com.br<\/em><\/span><\/p>\n","protected":false},"excerpt":{"rendered":"<p>Al ritmo de samba\u2026 Cuando mencionamos a Brasil, pensamos que es una potencia futbol\u00edstica a nivel global (pentacampeones), tambi\u00e9n recordamos su extensi\u00f3n territorial y su econom\u00eda, evocamos sus playas y la alegr\u00eda de su pueblo, tambi\u00e9n recordamos los enclaves de las favelas y la gran diferencia socio-econ\u00f3mica de los brasile\u00f1os. En este art\u00edculo, emulando el &hellip;<\/p>\n","protected":false},"author":1,"featured_media":1234,"comment_status":"closed","ping_status":"open","sticky":false,"template":"","format":"standard","meta":{"footnotes":""},"categories":[42,1],"tags":[],"class_list":["post-1233","post","type-post","status-publish","format-standard","has-post-thumbnail","","category-42","category-noticias"],"_links":{"self":[{"href":"https:\/\/transportevertical.org\/sitio\/wp-json\/wp\/v2\/posts\/1233","targetHints":{"allow":["GET"]}}],"collection":[{"href":"https:\/\/transportevertical.org\/sitio\/wp-json\/wp\/v2\/posts"}],"about":[{"href":"https:\/\/transportevertical.org\/sitio\/wp-json\/wp\/v2\/types\/post"}],"author":[{"embeddable":true,"href":"https:\/\/transportevertical.org\/sitio\/wp-json\/wp\/v2\/users\/1"}],"replies":[{"embeddable":true,"href":"https:\/\/transportevertical.org\/sitio\/wp-json\/wp\/v2\/comments?post=1233"}],"version-history":[{"count":1,"href":"https:\/\/transportevertical.org\/sitio\/wp-json\/wp\/v2\/posts\/1233\/revisions"}],"predecessor-version":[{"id":1236,"href":"https:\/\/transportevertical.org\/sitio\/wp-json\/wp\/v2\/posts\/1233\/revisions\/1236"}],"wp:featuredmedia":[{"embeddable":true,"href":"https:\/\/transportevertical.org\/sitio\/wp-json\/wp\/v2\/media\/1234"}],"wp:attachment":[{"href":"https:\/\/transportevertical.org\/sitio\/wp-json\/wp\/v2\/media?parent=1233"}],"wp:term":[{"taxonomy":"category","embeddable":true,"href":"https:\/\/transportevertical.org\/sitio\/wp-json\/wp\/v2\/categories?post=1233"},{"taxonomy":"post_tag","embeddable":true,"href":"https:\/\/transportevertical.org\/sitio\/wp-json\/wp\/v2\/tags?post=1233"}],"curies":[{"name":"wp","href":"https:\/\/api.w.org\/{rel}","templated":true}]}}