{"id":1307,"date":"2023-09-15T12:04:01","date_gmt":"2023-09-15T15:04:01","guid":{"rendered":"https:\/\/transportevertical.org\/sitio\/?p=1307"},"modified":"2025-05-08T16:22:05","modified_gmt":"2025-05-08T20:22:05","slug":"trabajadores-chilenos-versus-transnacional-suiza","status":"publish","type":"post","link":"https:\/\/transportevertical.org\/sitio\/trabajadores-chilenos-versus-transnacional-suiza\/","title":{"rendered":"Trabajadores Chilenos versus Transnacional Suiza"},"content":{"rendered":"<p><img loading=\"lazy\" decoding=\"async\" class=\"aligncenter size-full wp-image-1310\" src=\"https:\/\/transportevertical.org\/sitio\/wp-content\/uploads\/2023\/09\/banner-huelga.jpg\" alt=\"\" width=\"660\" height=\"330\" srcset=\"https:\/\/transportevertical.org\/sitio\/wp-content\/uploads\/2023\/09\/banner-huelga.jpg 660w, https:\/\/transportevertical.org\/sitio\/wp-content\/uploads\/2023\/09\/banner-huelga-300x150.jpg 300w\" sizes=\"auto, (max-width: 660px) 100vw, 660px\" \/><\/p>\n<h4><strong>Huelga del Sindicato N\u00b0 2 de Trabajadores de Ascensores Schindler<\/strong><\/h4>\n<p>Los trabajadores (as) del Sindicato N\u00b0 2, han iniciado un proceso de HUELGA, enmarcado en la legislaci\u00f3n vigente.<\/p>\n<p>Son m\u00e1s de 200 personas distribuidas de Arica a Puerto Montt, y como tales representan a la vez, a sus n\u00facleos familiares, involucrando un n\u00famero mayor de personas afectadas.<\/p>\n<p>La HUELGA, es la interrupci\u00f3n colectiva de las funciones laborales, para lograr reivindicaciones econ\u00f3mico \u2013 sociales del conjunto de asociados al Sindicato.<\/p>\n<p>Este Sindicato, desde su fundaci\u00f3n en el mes de noviembre del a\u00f1o 1980, recogi\u00f3 las orientaciones hist\u00f3ricas de Sindicato Profesional \u00danico Montadores de Ascensores y Ramos Similares, sus principales conquistas ratificadas \u2013tienen su origen -, en el quehacer reivindicativo de aquel Sindicato desde el a\u00f1o 1938 y en las Comisiones Tripartitas del a\u00f1o 1979.<\/p>\n<p>En sus casi 43 a\u00f1os de vida, resulta fundamental su accionar, para otras organizaciones sindicales como el sindicato N\u00b0 1 y 3 de la misma empresa.<\/p>\n<p>Tambi\u00e9n ha sido un referente en reorganizar a los Trabajadores de Ascensores del pa\u00eds mediante actividades deportivas, culturales, de capacitaci\u00f3n y difusi\u00f3n, incluyendo el aporte a la generaci\u00f3n de normativa para el sector, desregulado en Chile por m\u00e1s de medio siglo.<\/p>\n<p>Sus esfuerzos colectivos dieron luz a la Federaci\u00f3n sectorial en el a\u00f1o 1994 y a la posterior dictaci\u00f3n de la Ley N\u00b0 20.296, que regula la actividad del Transporte Vertical.<\/p>\n<h4><strong>David contra Goliat<\/strong><\/h4>\n<p>Los trabajadores organizados <strong>enfrentan un desaf\u00edo gigantesco<\/strong>, pues tienen a una contraparte poderosa; el <strong>\u201cGrupo Schindler\u201d,<\/strong> una de las 4 grandes empresas globales que son rectoras del mercado del Transporte Vertical a nivel mundial.<\/p>\n<p>Sus inversionistas visualizan un futuro prometedor hacia la d\u00e9cada de los 2030: en las actividades de <strong>instalaci\u00f3n, mantenimiento y modernizaciones, con sus productos altamente innovados como ascensores y escaleras mec\u00e1nicas.<\/strong><\/p>\n<p>La estrategia de fusionar y adquirir empresas de menor tama\u00f1o, propiciando las multimarcas en distintos pa\u00edses del mundo han dado buenos resultados econ\u00f3micos, ello, junto a la perspectiva del desarrollo de la edificaci\u00f3n en altura en pa\u00edses densamente poblados como India y otros, les da tranquilidad econ\u00f3mica a sus inversionistas; de hecho, estas empresas est\u00e1n posicionadas como sigue:<sup>2<\/sup><\/p>\n<p><img loading=\"lazy\" decoding=\"async\" class=\"aligncenter size-full wp-image-1308\" src=\"https:\/\/transportevertical.org\/sitio\/wp-content\/uploads\/2023\/09\/grafico.jpg\" alt=\"\" width=\"623\" height=\"370\" srcset=\"https:\/\/transportevertical.org\/sitio\/wp-content\/uploads\/2023\/09\/grafico.jpg 623w, https:\/\/transportevertical.org\/sitio\/wp-content\/uploads\/2023\/09\/grafico-300x178.jpg 300w\" sizes=\"auto, (max-width: 623px) 100vw, 623px\" \/><\/p>\n<p>Mencionar a David contra Goliat, es explicarnos fen\u00f3menos, leyendas o tradiciones de acontecimientos pasados, los que aportan un significado \u00e9pico o sobrenatural a nuestra cultura.<\/p>\n<p>La analog\u00eda considerada, tiene un <strong>significado \u00e9pico<\/strong> en la historia del Sindicato N\u00b0 2, pues despu\u00e9s de 32 a\u00f1os, se produce una <strong>SEGUNDA HUELGA, <\/strong>ello da cuenta de la madurez y responsabilidad de la organizaci\u00f3n para con sus asociados.<\/p>\n<p>Hay elementos comunes entre una experiencia y otra, los cuales mencionamos: el m\u00e1ximo directivo Schindler el a\u00f1o 1991 era de nacionalidad espa\u00f1ola, <u>lo mismo ocurre hoy<\/u>; en dicha oportunidad la empresa movilizo a personal que cumpl\u00eda funciones de terreno<u>, como lo hace ahora <\/u>con trabajadores pertenecientes a los sindicatos 1 y 3; la reivindicaci\u00f3n moral \u00a0en ese entonces, fue luchar por mayor <strong>DIGNIDAD, <\/strong><u>y hoy nuevamente<\/u>, las banderas de esa aspiraci\u00f3n se ven obligadas a salir a las calles para manifestarse.<\/p>\n<p><img loading=\"lazy\" decoding=\"async\" class=\"aligncenter wp-image-1309 size-full\" src=\"https:\/\/transportevertical.org\/sitio\/wp-content\/uploads\/2023\/09\/foto-huelga.jpg\" alt=\"\" width=\"530\" height=\"248\" srcset=\"https:\/\/transportevertical.org\/sitio\/wp-content\/uploads\/2023\/09\/foto-huelga.jpg 530w, https:\/\/transportevertical.org\/sitio\/wp-content\/uploads\/2023\/09\/foto-huelga-300x140.jpg 300w\" sizes=\"auto, (max-width: 530px) 100vw, 530px\" \/><\/p>\n<p>Las banderas de la <strong>DIGNIDAD <\/strong>de los Trabajadores del Sindicato N\u00b0 2 Schindler, se despliegan en la ciudad y sus edificios.<\/p>\n<p>Para ellos y sus familias, nuestro apoyo en el logro de sus reivindicaciones m\u00e1s sentidas, sin duda, cuentan con la solidaridad de organizaciones mayores, pero, en la intimidad de cada socio (a), les acompa\u00f1an sus familiares directos, la generaci\u00f3n de Maestros que no forman parte de la empresa y que fueron claves en su desarrollo, tambi\u00e9n lo fueron en la formaci\u00f3n de nuevas generaciones de t\u00e9cnicos.<\/p>\n<p>Les acompa\u00f1an sus M\u00e1rtires del Trabajo, como el recordado \u00c1lvaro Medina Quiroz (QEPD) y tantos pertenecientes a sus Registros, sus Memorias y su <strong>RECUERDO.<\/strong><\/p>\n<h4><em><strong>Fuentes referenciales<\/strong><\/em><\/h4>\n<ol>\n<li><em><a href=\"http:\/\/www.sindicato2schindler.cl\">sindicato2schindler.cl<\/a><\/em><\/li>\n<li><em>Elaboraci\u00f3n propia.<\/em><\/li>\n<li><em>Sindicato Ascensores Otis Chile.<\/em><\/li>\n<\/ol>\n","protected":false},"excerpt":{"rendered":"<p>Huelga del Sindicato N\u00b0 2 de Trabajadores de Ascensores Schindler Los trabajadores (as) del Sindicato N\u00b0 2, han iniciado un proceso de HUELGA, enmarcado en la legislaci\u00f3n vigente. Son m\u00e1s de 200 personas distribuidas de Arica a Puerto Montt, y como tales representan a la vez, a sus n\u00facleos familiares, involucrando un n\u00famero mayor de &hellip;<\/p>\n","protected":false},"author":1,"featured_media":1310,"comment_status":"closed","ping_status":"open","sticky":false,"template":"","format":"standard","meta":{"footnotes":""},"categories":[42,11,1],"tags":[],"class_list":["post-1307","post","type-post","status-publish","format-standard","has-post-thumbnail","","category-42","category-editorial","category-noticias"],"_links":{"self":[{"href":"https:\/\/transportevertical.org\/sitio\/wp-json\/wp\/v2\/posts\/1307","targetHints":{"allow":["GET"]}}],"collection":[{"href":"https:\/\/transportevertical.org\/sitio\/wp-json\/wp\/v2\/posts"}],"about":[{"href":"https:\/\/transportevertical.org\/sitio\/wp-json\/wp\/v2\/types\/post"}],"author":[{"embeddable":true,"href":"https:\/\/transportevertical.org\/sitio\/wp-json\/wp\/v2\/users\/1"}],"replies":[{"embeddable":true,"href":"https:\/\/transportevertical.org\/sitio\/wp-json\/wp\/v2\/comments?post=1307"}],"version-history":[{"count":6,"href":"https:\/\/transportevertical.org\/sitio\/wp-json\/wp\/v2\/posts\/1307\/revisions"}],"predecessor-version":[{"id":1316,"href":"https:\/\/transportevertical.org\/sitio\/wp-json\/wp\/v2\/posts\/1307\/revisions\/1316"}],"wp:featuredmedia":[{"embeddable":true,"href":"https:\/\/transportevertical.org\/sitio\/wp-json\/wp\/v2\/media\/1310"}],"wp:attachment":[{"href":"https:\/\/transportevertical.org\/sitio\/wp-json\/wp\/v2\/media?parent=1307"}],"wp:term":[{"taxonomy":"category","embeddable":true,"href":"https:\/\/transportevertical.org\/sitio\/wp-json\/wp\/v2\/categories?post=1307"},{"taxonomy":"post_tag","embeddable":true,"href":"https:\/\/transportevertical.org\/sitio\/wp-json\/wp\/v2\/tags?post=1307"}],"curies":[{"name":"wp","href":"https:\/\/api.w.org\/{rel}","templated":true}]}}