{"id":1454,"date":"2024-03-01T05:00:50","date_gmt":"2024-03-01T08:00:50","guid":{"rendered":"https:\/\/transportevertical.org\/sitio\/?p=1454"},"modified":"2025-05-08T16:22:05","modified_gmt":"2025-05-08T20:22:05","slug":"la-ley-del-transporte-vertical-y-personal-tecnico","status":"publish","type":"post","link":"https:\/\/transportevertical.org\/sitio\/la-ley-del-transporte-vertical-y-personal-tecnico\/","title":{"rendered":"La Ley del Transporte Vertical y Personal T\u00e9cnico"},"content":{"rendered":"<p><img loading=\"lazy\" decoding=\"async\" class=\"aligncenter size-full wp-image-177\" src=\"https:\/\/transportevertical.org\/sitio\/wp-content\/uploads\/2019\/12\/banner-juez-costanera2.png\" alt=\"\" width=\"660\" height=\"351\" srcset=\"https:\/\/transportevertical.org\/sitio\/wp-content\/uploads\/2019\/12\/banner-juez-costanera2.png 660w, https:\/\/transportevertical.org\/sitio\/wp-content\/uploads\/2019\/12\/banner-juez-costanera2-300x160.png 300w, https:\/\/transportevertical.org\/sitio\/wp-content\/uploads\/2019\/12\/banner-juez-costanera2-310x165.png 310w\" sizes=\"auto, (max-width: 660px) 100vw, 660px\" \/><\/p>\n<h4><strong>Chile y su Ley de Transporte Vertical<\/strong><\/h4>\n<p>En nuestro pa\u00eds est\u00e1 vigente la Ley N\u00b0 20.296 (promulgada el 7 de octubre del a\u00f1o 2008) <sup>1<\/sup>, siendo conocida como la \u201cLey del Transporte Vertical\u201d. En plena adolescencia de esta ley, desde nuestro medio especializado hemos abogado por su perfeccionamiento y tambi\u00e9n hemos reconocido su lento desarrollo, insuficiente a\u00fan, para canalizar y tener respuestas frente a la realidad que muchas veces la desborda.<\/p>\n<h4><strong>Personal t\u00e9cnico y certificaci\u00f3n de sus competencias<\/strong><\/h4>\n<p>En conformidad a la normativa vigente <sup>2<\/sup>, <strong><em>\u201cs\u00f3lo est\u00e1n afectos a acreditar las competencias laborales de los perfiles de ChileValora <sup>3<\/sup> aquellos trabajadores que desempe\u00f1en directamente labores de instalaci\u00f3n, mantenci\u00f3n o certificaci\u00f3n de ascensores, tanto verticales como inclinados o funiculares montacargas y escaleras o rampas mec\u00e1nicas\u201d. <\/em><\/strong><\/p>\n<p>\u201cLos perfiles laborales del Transporte Vertical en Chile son <strong>8<\/strong> y est\u00e1n enmarcados dentro de los postulados de ChileValora que describe los conocimientos, habilidades y actitudes relevantes para una determinada ocupaci\u00f3n u oficio\u201d.<sup>4<\/sup><\/p>\n<p>Los perfiles est\u00e1n agrupados como siguen: <strong>2<\/strong> para la actividad de instalaci\u00f3n de ascensores y montacargas; <strong>3<\/strong> para el trabajo de mantenci\u00f3n de ascensores y montacargas, 2 para la labor de instalaci\u00f3n y mantenci\u00f3n de escaleras y rampas mec\u00e1nicas y finalmente <strong>1<\/strong> para las funciones de inspecci\u00f3n y certificaci\u00f3n de ascensores y montacargas.<\/p>\n<p>En la actualidad, los perfiles laborales del sector, tienen una vigencia hasta el 31 de diciembre del a\u00f1o 2025.<\/p>\n<p>Nos sigue preocupando la actitud de la Autoridades y los Legisladores de nuestro pa\u00eds al no considerar las caracter\u00edsticas espec\u00edficas del sector, donde claramente estos 8 perfiles resultan insuficientes para cubrir las innumerables funciones desplegadas en el funcionamiento de funiculares existentes, telef\u00e9ricos, andariveles y juegos mec\u00e1nicos.<\/p>\n<p>Una de las tantas explicaciones para entender esta actitud, es recordar que el modelo econ\u00f3mico \u2013 pol\u00edtico chileno es el de una econom\u00eda de mercado y ese modelo asigna al Estado un rol subsidiario, favoreciendo el emprendimiento del sector privado y fortaleciendo sus derechos de propiedad.<\/p>\n<p><img loading=\"lazy\" decoding=\"async\" class=\"aligncenter size-full wp-image-1455\" src=\"https:\/\/transportevertical.org\/sitio\/wp-content\/uploads\/2024\/02\/tecnico-ascensores.jpg\" alt=\"\" width=\"660\" height=\"320\" srcset=\"https:\/\/transportevertical.org\/sitio\/wp-content\/uploads\/2024\/02\/tecnico-ascensores.jpg 660w, https:\/\/transportevertical.org\/sitio\/wp-content\/uploads\/2024\/02\/tecnico-ascensores-300x145.jpg 300w\" sizes=\"auto, (max-width: 660px) 100vw, 660px\" \/><\/p>\n<h4><strong>Un nuevo protagonista para certificar personal<\/strong><\/h4>\n<p>De acuerdo a lo anterior, ChileValora en tanto servicio del Estado, con constituci\u00f3n tripartita (Gobierno \u2013 Central Unitaria de Trabajadores, CUT \u2013 Confederaci\u00f3n de la Producci\u00f3n y el Comercio, CPC), han delegado en organizaciones de la sociedad civil, la responsabilidad de certificar las competencias laborales.<\/p>\n<p><strong><em>El CENTRO POLAC SpA, es un Centro de Evaluaci\u00f3n y Certificaci\u00f3n de Competencias Laborales privado, orientado en la Certificaci\u00f3n del Perfiles del Sector Miner\u00eda Met\u00e1lica, Transporte y Log\u00edstica y tambi\u00e9n Construcci\u00f3n, en el sub \u2013 sector de actividades especializadas de construcci\u00f3n.<\/em><\/strong><\/p>\n<p><strong><em>Est\u00e1 habilitado para certificar en los <\/em><\/strong><strong><em>3<\/em><\/strong><strong><em> perfiles para el trabajo de mantenci\u00f3n de ascensores y montacargas, de acuerdo a las respectivas resoluciones exentas que lo autorizan. <sup>5<\/sup><\/em><\/strong><\/p>\n<p><img loading=\"lazy\" decoding=\"async\" class=\"aligncenter size-full wp-image-1456\" src=\"https:\/\/transportevertical.org\/sitio\/wp-content\/uploads\/2024\/02\/polac.jpg\" alt=\"\" width=\"660\" height=\"300\" srcset=\"https:\/\/transportevertical.org\/sitio\/wp-content\/uploads\/2024\/02\/polac.jpg 660w, https:\/\/transportevertical.org\/sitio\/wp-content\/uploads\/2024\/02\/polac-300x136.jpg 300w\" sizes=\"auto, (max-width: 660px) 100vw, 660px\" \/><\/p>\n<h4><strong>Fuentes referenciales<\/strong><\/h4>\n<ol>\n<li>Ley N\u00b0 20.296 Establece disposiciones para la instalaci\u00f3n, mantenci\u00f3n e inspecci\u00f3n peri\u00f3dica de los ascensores y otras instalaciones similares. Ministerio de Vivienda y Urbanismo.<\/li>\n<li>Decreto Supremo N\u00b0 22 de (Vivienda y Urbanismo), a\u00f1o 2009.<\/li>\n<li>Ley N\u00b0 20.267, crea el Sistema Nacional de Certificaci\u00f3n de Competencias Laborales (ChileValora) y perfecciona el Estatuto de Capacitaci\u00f3n y Empleo.<\/li>\n<li>Nuevo Plazo para Acreditar Perfiles Laborales del Transporte Vertical en Chile, (art\u00edculo publicado en nuestra revista el a\u00f1o 2020).<\/li>\n<li>Centropolac.cl<\/li>\n<\/ol>\n","protected":false},"excerpt":{"rendered":"<p>Chile y su Ley de Transporte Vertical En nuestro pa\u00eds est\u00e1 vigente la Ley N\u00b0 20.296 (promulgada el 7 de octubre del a\u00f1o 2008) 1, siendo conocida como la \u201cLey del Transporte Vertical\u201d. En plena adolescencia de esta ley, desde nuestro medio especializado hemos abogado por su perfeccionamiento y tambi\u00e9n hemos reconocido su lento desarrollo, &hellip;<\/p>\n","protected":false},"author":1,"featured_media":177,"comment_status":"closed","ping_status":"open","sticky":false,"template":"","format":"standard","meta":{"footnotes":""},"categories":[43,1],"tags":[],"class_list":["post-1454","post","type-post","status-publish","format-standard","has-post-thumbnail","","category-43","category-noticias"],"_links":{"self":[{"href":"https:\/\/transportevertical.org\/sitio\/wp-json\/wp\/v2\/posts\/1454","targetHints":{"allow":["GET"]}}],"collection":[{"href":"https:\/\/transportevertical.org\/sitio\/wp-json\/wp\/v2\/posts"}],"about":[{"href":"https:\/\/transportevertical.org\/sitio\/wp-json\/wp\/v2\/types\/post"}],"author":[{"embeddable":true,"href":"https:\/\/transportevertical.org\/sitio\/wp-json\/wp\/v2\/users\/1"}],"replies":[{"embeddable":true,"href":"https:\/\/transportevertical.org\/sitio\/wp-json\/wp\/v2\/comments?post=1454"}],"version-history":[{"count":4,"href":"https:\/\/transportevertical.org\/sitio\/wp-json\/wp\/v2\/posts\/1454\/revisions"}],"predecessor-version":[{"id":1460,"href":"https:\/\/transportevertical.org\/sitio\/wp-json\/wp\/v2\/posts\/1454\/revisions\/1460"}],"wp:featuredmedia":[{"embeddable":true,"href":"https:\/\/transportevertical.org\/sitio\/wp-json\/wp\/v2\/media\/177"}],"wp:attachment":[{"href":"https:\/\/transportevertical.org\/sitio\/wp-json\/wp\/v2\/media?parent=1454"}],"wp:term":[{"taxonomy":"category","embeddable":true,"href":"https:\/\/transportevertical.org\/sitio\/wp-json\/wp\/v2\/categories?post=1454"},{"taxonomy":"post_tag","embeddable":true,"href":"https:\/\/transportevertical.org\/sitio\/wp-json\/wp\/v2\/tags?post=1454"}],"curies":[{"name":"wp","href":"https:\/\/api.w.org\/{rel}","templated":true}]}}