{"id":1498,"date":"2024-04-05T04:30:48","date_gmt":"2024-04-05T07:30:48","guid":{"rendered":"https:\/\/transportevertical.org\/sitio\/?p=1498"},"modified":"2025-05-08T16:22:05","modified_gmt":"2025-05-08T20:22:05","slug":"fotos-con-historia-de-montadores-de-ascensores-a-subcontratistas","status":"publish","type":"post","link":"https:\/\/transportevertical.org\/sitio\/fotos-con-historia-de-montadores-de-ascensores-a-subcontratistas\/","title":{"rendered":"Fotos con Historia: De Montadores De Ascensores A Subcontratistas"},"content":{"rendered":"<p><img loading=\"lazy\" decoding=\"async\" class=\"aligncenter size-full wp-image-1511\" src=\"https:\/\/transportevertical.org\/sitio\/wp-content\/uploads\/2024\/04\/fotos-banner2.jpg\" alt=\"\" width=\"660\" height=\"330\" srcset=\"https:\/\/transportevertical.org\/sitio\/wp-content\/uploads\/2024\/04\/fotos-banner2.jpg 660w, https:\/\/transportevertical.org\/sitio\/wp-content\/uploads\/2024\/04\/fotos-banner2-300x150.jpg 300w\" sizes=\"auto, (max-width: 660px) 100vw, 660px\" \/><\/p>\n<p>Cuando revisamos fotograf\u00edas en formato blanco y negro, o bien a color, nos invaden los recuerdos, nos preguntamos acerca de las im\u00e1genes personales contenidas en el papel, inquiriendo detalles de esos momentos retratados; la expresi\u00f3n que m\u00e1s me identifica es: <strong>\u201cfotograf\u00eda es un instante de tiempo congelado en la memoria\u201d; <\/strong>ahora, la revoluci\u00f3n de las comunicaciones, nos ha alejado de las fotograf\u00edas antiguas y concentramos \u2013 en la actualidad -, miles de ellas en nuestros celulares a las cuales recurrimos en contadas ocasiones.<\/p>\n<p><strong>La empresa suiza Schindler,<\/strong> impulso a inicios de los a\u00f1os 90, el sistema de subcontrataci\u00f3n para la actividad operacional de instalaci\u00f3n de ascensores y escaleras mec\u00e1nicas en el pa\u00eds. Como respuesta a la decisi\u00f3n corporativa, debi\u00f3 preparar a sus montadores (formados en la antigua <strong>empresa Harnecker<\/strong>), para acometer tal <strong>\u201cemprendimiento\u201d,<\/strong> \u2013 capacitaci\u00f3n formalizada en antiguas dependencias del edificio <strong>Torreciudad -.<\/strong><\/p>\n<p>Las sucesivas fotos dan cuenta resumida de dicho proceso de capacitaci\u00f3n, donde los antiguos maestros el\u00e9ctricos y mec\u00e1nicos, abandonaron las escotillas y se transformaron en subcontratistas de la especialidad, siendo denominados <strong>\u201ccolaboradores\u201d<\/strong> por la multinacional suiza y tuvieron que contratar a sus propios compa\u00f1eros para formar micro empresas y seguir laborando en la especialidad.<\/p>\n<p><img loading=\"lazy\" decoding=\"async\" class=\"aligncenter size-full wp-image-1504\" src=\"https:\/\/transportevertical.org\/sitio\/wp-content\/uploads\/2024\/04\/fh-001.jpg\" alt=\"\" width=\"600\" height=\"392\" srcset=\"https:\/\/transportevertical.org\/sitio\/wp-content\/uploads\/2024\/04\/fh-001.jpg 600w, https:\/\/transportevertical.org\/sitio\/wp-content\/uploads\/2024\/04\/fh-001-300x196.jpg 300w\" sizes=\"auto, (max-width: 600px) 100vw, 600px\" \/><\/p>\n<p style=\"text-align: center;\">-1-<\/p>\n<p><img loading=\"lazy\" decoding=\"async\" class=\"aligncenter size-full wp-image-1505\" src=\"https:\/\/transportevertical.org\/sitio\/wp-content\/uploads\/2024\/04\/fh-002.jpg\" alt=\"\" width=\"600\" height=\"392\" srcset=\"https:\/\/transportevertical.org\/sitio\/wp-content\/uploads\/2024\/04\/fh-002.jpg 600w, https:\/\/transportevertical.org\/sitio\/wp-content\/uploads\/2024\/04\/fh-002-300x196.jpg 300w\" sizes=\"auto, (max-width: 600px) 100vw, 600px\" \/><\/p>\n<p style=\"text-align: center;\">-2-<\/p>\n<p><img loading=\"lazy\" decoding=\"async\" class=\"aligncenter size-full wp-image-1506\" src=\"https:\/\/transportevertical.org\/sitio\/wp-content\/uploads\/2024\/04\/fh-003.jpg\" alt=\"\" width=\"600\" height=\"425\" srcset=\"https:\/\/transportevertical.org\/sitio\/wp-content\/uploads\/2024\/04\/fh-003.jpg 600w, https:\/\/transportevertical.org\/sitio\/wp-content\/uploads\/2024\/04\/fh-003-300x213.jpg 300w\" sizes=\"auto, (max-width: 600px) 100vw, 600px\" \/><\/p>\n<p style=\"text-align: center;\">-3-<\/p>\n<p><img loading=\"lazy\" decoding=\"async\" class=\"aligncenter size-full wp-image-1507\" src=\"https:\/\/transportevertical.org\/sitio\/wp-content\/uploads\/2024\/04\/fh-004.jpg\" alt=\"\" width=\"600\" height=\"399\" srcset=\"https:\/\/transportevertical.org\/sitio\/wp-content\/uploads\/2024\/04\/fh-004.jpg 600w, https:\/\/transportevertical.org\/sitio\/wp-content\/uploads\/2024\/04\/fh-004-300x200.jpg 300w, https:\/\/transportevertical.org\/sitio\/wp-content\/uploads\/2024\/04\/fh-004-310x205.jpg 310w\" sizes=\"auto, (max-width: 600px) 100vw, 600px\" \/><\/p>\n<p style=\"text-align: center;\">-4-<\/p>\n<p>Los protagonistas de las fotos son: Luis \u201cPato\u201d Valenzuela y Relatora <sup>(1)<\/sup>; Manuel Corrales, V\u00edctor Mella, Guillermo Klockner <sup>(2)<\/sup>; Guillermo Porto <sup>(3)<\/sup> y un joven Miguel Campos Mu\u00f1oz, como Gerente de Operaciones de Schindler, entregando diploma a V\u00edctor Mella <sup>(4)<\/sup>.<\/p>\n<p>&nbsp;<\/p>\n<h4><strong>Fuentes referenciales<\/strong><\/h4>\n<p>Archivo fotogr\u00e1fico del autor.<\/p>\n<p>&nbsp;<\/p>\n","protected":false},"excerpt":{"rendered":"<p>Cuando revisamos fotograf\u00edas en formato blanco y negro, o bien a color, nos invaden los recuerdos, nos preguntamos acerca de las im\u00e1genes personales contenidas en el papel, inquiriendo detalles de esos momentos retratados; la expresi\u00f3n que m\u00e1s me identifica es: \u201cfotograf\u00eda es un instante de tiempo congelado en la memoria\u201d; ahora, la revoluci\u00f3n de las &hellip;<\/p>\n","protected":false},"author":1,"featured_media":1511,"comment_status":"closed","ping_status":"open","sticky":false,"template":"","format":"standard","meta":{"footnotes":""},"categories":[43,46],"tags":[],"class_list":["post-1498","post","type-post","status-publish","format-standard","has-post-thumbnail","","category-43","category-fotos_con_historia"],"_links":{"self":[{"href":"https:\/\/transportevertical.org\/sitio\/wp-json\/wp\/v2\/posts\/1498","targetHints":{"allow":["GET"]}}],"collection":[{"href":"https:\/\/transportevertical.org\/sitio\/wp-json\/wp\/v2\/posts"}],"about":[{"href":"https:\/\/transportevertical.org\/sitio\/wp-json\/wp\/v2\/types\/post"}],"author":[{"embeddable":true,"href":"https:\/\/transportevertical.org\/sitio\/wp-json\/wp\/v2\/users\/1"}],"replies":[{"embeddable":true,"href":"https:\/\/transportevertical.org\/sitio\/wp-json\/wp\/v2\/comments?post=1498"}],"version-history":[{"count":7,"href":"https:\/\/transportevertical.org\/sitio\/wp-json\/wp\/v2\/posts\/1498\/revisions"}],"predecessor-version":[{"id":1513,"href":"https:\/\/transportevertical.org\/sitio\/wp-json\/wp\/v2\/posts\/1498\/revisions\/1513"}],"wp:featuredmedia":[{"embeddable":true,"href":"https:\/\/transportevertical.org\/sitio\/wp-json\/wp\/v2\/media\/1511"}],"wp:attachment":[{"href":"https:\/\/transportevertical.org\/sitio\/wp-json\/wp\/v2\/media?parent=1498"}],"wp:term":[{"taxonomy":"category","embeddable":true,"href":"https:\/\/transportevertical.org\/sitio\/wp-json\/wp\/v2\/categories?post=1498"},{"taxonomy":"post_tag","embeddable":true,"href":"https:\/\/transportevertical.org\/sitio\/wp-json\/wp\/v2\/tags?post=1498"}],"curies":[{"name":"wp","href":"https:\/\/api.w.org\/{rel}","templated":true}]}}