{"id":1543,"date":"2024-05-10T13:40:21","date_gmt":"2024-05-10T17:40:21","guid":{"rendered":"https:\/\/transportevertical.org\/sitio\/?p=1543"},"modified":"2025-05-08T16:22:05","modified_gmt":"2025-05-08T20:22:05","slug":"los-ascensores-funiculares-de-valparaiso","status":"publish","type":"post","link":"https:\/\/transportevertical.org\/sitio\/los-ascensores-funiculares-de-valparaiso\/","title":{"rendered":"Los Ascensores \u2013 Funiculares de Valparaiso (precariedad patrimonial)"},"content":{"rendered":"<p><img loading=\"lazy\" decoding=\"async\" class=\"aligncenter size-full wp-image-1550\" src=\"https:\/\/transportevertical.org\/sitio\/wp-content\/uploads\/2024\/05\/patrimonio-valpo.jpg\" alt=\"\" width=\"660\" height=\"330\" srcset=\"https:\/\/transportevertical.org\/sitio\/wp-content\/uploads\/2024\/05\/patrimonio-valpo.jpg 660w, https:\/\/transportevertical.org\/sitio\/wp-content\/uploads\/2024\/05\/patrimonio-valpo-300x150.jpg 300w\" sizes=\"auto, (max-width: 660px) 100vw, 660px\" \/><\/p>\n<h4><strong>Nuestra precaria conciencia patrimonial<\/strong><\/h4>\n<p>Hemos acu\u00f1ado el t\u00e9rmino Ascensores \u2013 Funiculares, para referirnos a las cabinas que trasladan en su interior a los ciudadanos de los cerros de Valpara\u00edso hacia el plan.<\/p>\n<p>Esas piezas escaladoras de cerros, son parte de un conjunto que en su g\u00e9nesis fue accionada por sistema hidr\u00e1ulico, luego un motor a vapor y a posterior un moderno sistema el\u00e9ctrico, nos referimos al ascensor Concepci\u00f3n, inaugurado el 1\u00b0 de diciembre de 1883, el decano de sus pares que en total alcanzaron la treintena a fines del siglo XIX y comienzos del XX.<\/p>\n<p>Benjam\u00edn Subercaseaux Za\u00f1artu (1902 \u2013 1973), Premio Nacional de Literatura en 1963, en su obra <u>\u201cChile o una loca geograf\u00eda\u201d,<\/u> nos participa su visi\u00f3n de las cabinas: <strong><em>\u201cllevan bastantes mujeres con atados de ropa, canastos, chiquillos que suben a los asientos y miran afuera. Todas conversan animadamente, y se podr\u00edan saber los chismes del barrio con s\u00f3lo subir y bajar unas cuantas veces. Quien no ha viajado por esos ascensores no conoce sino una m\u00ednima parte de la vida multiforme de Valpara\u00edso\u201d.<sup>1<\/sup><\/em><\/strong><\/p>\n<p>Les invitamos a ver el video sobre el <strong>Ascensor Florida realizado por ASCENVAL<\/strong>, en su gesta constante por preservar el patrimonio que representan los abandonados Ascensores \u2013 Funiculares de Valpara\u00edso.<\/p>\n<p>Paralelo a ello, creemos importante avalar el contenido del presente art\u00edculo, mencionando el retiro definitivo en Valpara\u00edso de la obra <u>\u201cMonumento a la Solidaridad\u201d<\/u> creada por el destacado escultor chileno Mario Irarr\u00e1zaval, obra que se ubicaba en el acceso principal a la ciudad \u2013 puerto, declarada, <u>Sitio de Patrimonio Mundial UNESCO.<\/u><\/p>\n<p>Esta obra no alcanz\u00f3 a estar tres d\u00e9cadas en el espacio p\u00fablico, siendo vandalizada y no restaurada por la Autoridad Municipal, por tanto, nuestra segunda invitaci\u00f3n es a leer el art\u00edculo <u>\u201cL\u00e1grimas de cobre\u201d.<\/u> <strong><sup>2.<\/sup><\/strong><\/p>\n<p style=\"text-align: center;\"><iframe loading=\"lazy\" title=\"YouTube video player\" src=\"https:\/\/www.youtube.com\/embed\/meXKZY48Mog?si=TkbMuyCXgVxH5sZu\" width=\"560\" height=\"315\" frameborder=\"0\" allowfullscreen=\"allowfullscreen\"><\/iframe><\/p>\n<p>&nbsp;<\/p>\n<h4><strong>Fuentes referenciales<\/strong><\/h4>\n<p>1.\u00a0 Ascensores de Valpara\u00edso \/ Juan Cameron. \u2013 Santiago: RIL editores, 2007.<\/p>\n<p>2. Revista Vivienda y Decoraci\u00f3n \/ 04.05.2024 \/ Articulo: Lagrimas de cobre, autor, Emilio De la Cerda E. \/ Arquitecto.<\/p>\n<p>3. https:\/\/www.ascenval.cl\/documentos<\/p>\n","protected":false},"excerpt":{"rendered":"<p>Nuestra precaria conciencia patrimonial Hemos acu\u00f1ado el t\u00e9rmino Ascensores \u2013 Funiculares, para referirnos a las cabinas que trasladan en su interior a los ciudadanos de los cerros de Valpara\u00edso hacia el plan. Esas piezas escaladoras de cerros, son parte de un conjunto que en su g\u00e9nesis fue accionada por sistema hidr\u00e1ulico, luego un motor a &hellip;<\/p>\n","protected":false},"author":1,"featured_media":1550,"comment_status":"closed","ping_status":"open","sticky":false,"template":"","format":"standard","meta":{"footnotes":""},"categories":[43,1],"tags":[44],"class_list":["post-1543","post","type-post","status-publish","format-standard","has-post-thumbnail","","category-43","category-noticias","tag-ascenval"],"_links":{"self":[{"href":"https:\/\/transportevertical.org\/sitio\/wp-json\/wp\/v2\/posts\/1543","targetHints":{"allow":["GET"]}}],"collection":[{"href":"https:\/\/transportevertical.org\/sitio\/wp-json\/wp\/v2\/posts"}],"about":[{"href":"https:\/\/transportevertical.org\/sitio\/wp-json\/wp\/v2\/types\/post"}],"author":[{"embeddable":true,"href":"https:\/\/transportevertical.org\/sitio\/wp-json\/wp\/v2\/users\/1"}],"replies":[{"embeddable":true,"href":"https:\/\/transportevertical.org\/sitio\/wp-json\/wp\/v2\/comments?post=1543"}],"version-history":[{"count":5,"href":"https:\/\/transportevertical.org\/sitio\/wp-json\/wp\/v2\/posts\/1543\/revisions"}],"predecessor-version":[{"id":1551,"href":"https:\/\/transportevertical.org\/sitio\/wp-json\/wp\/v2\/posts\/1543\/revisions\/1551"}],"wp:featuredmedia":[{"embeddable":true,"href":"https:\/\/transportevertical.org\/sitio\/wp-json\/wp\/v2\/media\/1550"}],"wp:attachment":[{"href":"https:\/\/transportevertical.org\/sitio\/wp-json\/wp\/v2\/media?parent=1543"}],"wp:term":[{"taxonomy":"category","embeddable":true,"href":"https:\/\/transportevertical.org\/sitio\/wp-json\/wp\/v2\/categories?post=1543"},{"taxonomy":"post_tag","embeddable":true,"href":"https:\/\/transportevertical.org\/sitio\/wp-json\/wp\/v2\/tags?post=1543"}],"curies":[{"name":"wp","href":"https:\/\/api.w.org\/{rel}","templated":true}]}}