{"id":1584,"date":"2024-06-21T13:53:37","date_gmt":"2024-06-21T17:53:37","guid":{"rendered":"https:\/\/transportevertical.org\/sitio\/?p=1584"},"modified":"2025-05-08T16:22:05","modified_gmt":"2025-05-08T20:22:05","slug":"el-ascensor-vehiculo-principal-del-transporte-vertical","status":"publish","type":"post","link":"https:\/\/transportevertical.org\/sitio\/el-ascensor-vehiculo-principal-del-transporte-vertical\/","title":{"rendered":"El Ascensor, Veh\u00edculo Principal del Transporte Vertical"},"content":{"rendered":"<p><img loading=\"lazy\" decoding=\"async\" class=\"aligncenter size-full wp-image-1587\" src=\"https:\/\/transportevertical.org\/sitio\/wp-content\/uploads\/2024\/06\/ascensor-2024.jpg\" alt=\"\" width=\"660\" height=\"330\" srcset=\"https:\/\/transportevertical.org\/sitio\/wp-content\/uploads\/2024\/06\/ascensor-2024.jpg 660w, https:\/\/transportevertical.org\/sitio\/wp-content\/uploads\/2024\/06\/ascensor-2024-300x150.jpg 300w\" sizes=\"auto, (max-width: 660px) 100vw, 660px\" \/><\/p>\n<p><strong>1.<\/strong> En los acelerados tiempos que vive la humanidad, la existencia e importancia de los ascensores, muchas veces pasa desapercibida.<\/p>\n<p>En general, su presencia sale a la luz cuando se producen accidentes u otros hechos noticiosos espectaculares. El rol que cumplen en la movilidad urbana, trasladando personas y tambi\u00e9n todo tipo de cargas, m\u00e1s bien, es propio de especialistas del sector ligado a la industria de la elevaci\u00f3n, no est\u00e1 incorporado en la tem\u00e1tica habitual de los ciudadanos.<\/p>\n<p>Es as\u00ed que el <strong>\u201cleitmotiv\u201d<\/strong> de esta revista, desde 2019 en adelante, sea difundir la industria de la elevaci\u00f3n, abarcando la totalidad de su desarrollo.<\/p>\n<p><strong>2.<\/strong> Por su g\u00e9nesis e historia, el ascensor se ha convertido desde su invenci\u00f3n, en el veh\u00edculo principal del Transporte Vertical.<\/p>\n<p><span style=\"text-decoration: underline;\">Cada 23 de marzo<\/span>, la comunidad especializada, reconoce el acontecimiento de la invenci\u00f3n del ascensor, por ello, celebra el <strong>\u201cD\u00eda Mundial del Ascensor\u201d<\/strong>, dada la importancia de este veh\u00edculo, que ha revolucionado la manera en que se trasladan las personas dentro de los edificios en altura.<\/p>\n<p>Por ejemplo, en Espa\u00f1a, uno de los pa\u00edses europeos con mayor cantidad de elevadores, los ascensores, son parte vital en la vida cotidiana de su poblaci\u00f3n, transportan millones de personas diariamente, tanto en edificios residenciales, comerciales, de oficinas, centros de trabajo o salud, aportando a sus usuarios, un desplazamiento c\u00f3modo y seguro.<\/p>\n<p>En Chile, con un parque de ascensores reducido, la presencia de los elevadores ya es centenaria, y en relaci\u00f3n al <strong>\u201cD\u00eda Mundial del Ascensor\u201d<\/strong>, existen dos clases de conmemoraci\u00f3n, con nombres locales distintos: una, vinculada a las empresas y trabajadores del sector y la otra, enlazada a los usuarios y usuarias de estos aparatos.<\/p>\n<p>En el sector industrial, cada 22 de junio recuerdan la fundaci\u00f3n del Sindicato Profesional \u00danico Montadores de Ascensores y Ramos Similares, un icono de las reivindicaciones laborales, el cual, si existiese, tendr\u00eda nada menos que 86 a\u00f1os.<\/p>\n<p>En este d\u00eda se realizan diferentes actividades de integraci\u00f3n social, denomin\u00e1ndose \u201c22 de junio: D\u00eda del Trabajador de Ascensores\u201d.<\/p>\n<p>Asimismo, los usuarios y usuarias de los ascensores \u2013 funiculares de Valpara\u00edso, conmemoran en el mes de diciembre, la instalaci\u00f3n de un funicular el 1\u00b0 de diciembre de 1883 en el cerro Concepci\u00f3n, funicular actualmente en operaciones.<\/p>\n<p>Este caso es destacable, pues este equipo de elevaci\u00f3n tendr\u00e1 al finalizar 2024, 141 a\u00f1os de funcionamiento, as\u00ed surgi\u00f3 \u201cDiciembre: D\u00eda del Ascensor\u201d.<\/p>\n<p>En allende los Andes (Rep\u00fablica Argentina), tambi\u00e9n est\u00e1 presente esta conmemoraci\u00f3n local, instituida para evocar la fundaci\u00f3n de la Sociedad de Instaladores y Conservadores de Ascensores, hecho acaecido un 27 de julio del a\u00f1o 1942.<\/p>\n<p><img loading=\"lazy\" decoding=\"async\" class=\"aligncenter size-full wp-image-1586\" src=\"https:\/\/transportevertical.org\/sitio\/wp-content\/uploads\/2024\/06\/dia-ascensor-2024.jpg\" alt=\"\" width=\"660\" height=\"330\" srcset=\"https:\/\/transportevertical.org\/sitio\/wp-content\/uploads\/2024\/06\/dia-ascensor-2024.jpg 660w, https:\/\/transportevertical.org\/sitio\/wp-content\/uploads\/2024\/06\/dia-ascensor-2024-300x150.jpg 300w\" sizes=\"auto, (max-width: 660px) 100vw, 660px\" \/><\/p>\n<p><strong>3.<\/strong> El invento del paraca\u00eddas &#8211; para mejorar la seguridad en los antiguos elevadores -, significo que el ascensor comenzara a vivir su propia historia.<\/p>\n<p>M\u00e1s de 170 a\u00f1os de permanencia, posicionan al ascensor como un veh\u00edculo necesario, predilecto para la movilidad urbana en vertical. La industria de la elevaci\u00f3n se caracteriza por la constante innovaci\u00f3n tecnol\u00f3gica, orientada a proporcionar seguridad a las personas, considerando sus condiciones de aumento en longevidad y tambi\u00e9n tendencia a la movilidad reducida.<\/p>\n<p>El ascensor tendr\u00e1 una larga existencia y estar\u00e1 presente en los lugares donde se haya posicionado la especie humana.<\/p>\n<h4><span style=\"color: #0000ff;\">Fuentes referenciales<\/span><\/h4>\n<ul>\n<li>https:\/\/feeda.es\/hoy-celebramos-el-dia-mundial-del-ascensor<\/li>\n<li>www.ascenval.cl<\/li>\n<li>www.transportevertical.cl<\/li>\n<\/ul>\n","protected":false},"excerpt":{"rendered":"<p>1. En los acelerados tiempos que vive la humanidad, la existencia e importancia de los ascensores, muchas veces pasa desapercibida. En general, su presencia sale a la luz cuando se producen accidentes u otros hechos noticiosos espectaculares. El rol que cumplen en la movilidad urbana, trasladando personas y tambi\u00e9n todo tipo de cargas, m\u00e1s bien, &hellip;<\/p>\n","protected":false},"author":1,"featured_media":1587,"comment_status":"closed","ping_status":"open","sticky":false,"template":"","format":"standard","meta":{"footnotes":""},"categories":[43,1],"tags":[],"class_list":["post-1584","post","type-post","status-publish","format-standard","has-post-thumbnail","","category-43","category-noticias"],"_links":{"self":[{"href":"https:\/\/transportevertical.org\/sitio\/wp-json\/wp\/v2\/posts\/1584","targetHints":{"allow":["GET"]}}],"collection":[{"href":"https:\/\/transportevertical.org\/sitio\/wp-json\/wp\/v2\/posts"}],"about":[{"href":"https:\/\/transportevertical.org\/sitio\/wp-json\/wp\/v2\/types\/post"}],"author":[{"embeddable":true,"href":"https:\/\/transportevertical.org\/sitio\/wp-json\/wp\/v2\/users\/1"}],"replies":[{"embeddable":true,"href":"https:\/\/transportevertical.org\/sitio\/wp-json\/wp\/v2\/comments?post=1584"}],"version-history":[{"count":4,"href":"https:\/\/transportevertical.org\/sitio\/wp-json\/wp\/v2\/posts\/1584\/revisions"}],"predecessor-version":[{"id":1592,"href":"https:\/\/transportevertical.org\/sitio\/wp-json\/wp\/v2\/posts\/1584\/revisions\/1592"}],"wp:featuredmedia":[{"embeddable":true,"href":"https:\/\/transportevertical.org\/sitio\/wp-json\/wp\/v2\/media\/1587"}],"wp:attachment":[{"href":"https:\/\/transportevertical.org\/sitio\/wp-json\/wp\/v2\/media?parent=1584"}],"wp:term":[{"taxonomy":"category","embeddable":true,"href":"https:\/\/transportevertical.org\/sitio\/wp-json\/wp\/v2\/categories?post=1584"},{"taxonomy":"post_tag","embeddable":true,"href":"https:\/\/transportevertical.org\/sitio\/wp-json\/wp\/v2\/tags?post=1584"}],"curies":[{"name":"wp","href":"https:\/\/api.w.org\/{rel}","templated":true}]}}