{"id":1673,"date":"2024-08-23T04:00:11","date_gmt":"2024-08-23T08:00:11","guid":{"rendered":"https:\/\/transportevertical.org\/sitio\/?p=1673"},"modified":"2025-05-08T16:22:04","modified_gmt":"2025-05-08T20:22:04","slug":"el-paracaidas-del-ascensor-un-invento-revolucionario-tercera-parte","status":"publish","type":"post","link":"https:\/\/transportevertical.org\/sitio\/el-paracaidas-del-ascensor-un-invento-revolucionario-tercera-parte\/","title":{"rendered":"El Paraca\u00eddas del Ascensor, un Invento Revolucionario (Tercera Parte)"},"content":{"rendered":"<p><img loading=\"lazy\" decoding=\"async\" class=\"aligncenter size-full wp-image-1622\" src=\"https:\/\/transportevertical.org\/sitio\/wp-content\/uploads\/2024\/07\/otis-tercera.jpg\" alt=\"\" width=\"660\" height=\"330\" srcset=\"https:\/\/transportevertical.org\/sitio\/wp-content\/uploads\/2024\/07\/otis-tercera.jpg 660w, https:\/\/transportevertical.org\/sitio\/wp-content\/uploads\/2024\/07\/otis-tercera-300x150.jpg 300w\" sizes=\"auto, (max-width: 660px) 100vw, 660px\" \/><\/p>\n<audio class=\"wp-audio-shortcode\" id=\"audio-1673-1\" preload=\"none\" style=\"width: 100%;\" controls=\"controls\"><source type=\"audio\/mpeg\" src=\"https:\/\/transportevertical.org\/sitio\/wp-content\/uploads\/2024\/08\/P.mp3?_=1\" \/><a href=\"https:\/\/transportevertical.org\/sitio\/wp-content\/uploads\/2024\/08\/P.mp3\">https:\/\/transportevertical.org\/sitio\/wp-content\/uploads\/2024\/08\/P.mp3<\/a><\/audio>\n<p>En el art\u00edculo anterior, se\u00f1alamos que el paraca\u00eddas deten\u00eda el descenso de la cabina mediante las cu\u00f1as aprisionando los rieles gu\u00edas &#8211; <u>que en su origen fueron de madera<\/u> -, y las cu\u00f1as se incrustaban en ellos con una acci\u00f3n de cuchilla, por tanto, estas gu\u00edas deb\u00edan ser cambiadas despu\u00e9s de la actuaci\u00f3n del paraca\u00eddas, esto significaba la detenci\u00f3n del ascensor, quedando fuera de servicio por largo tiempo hasta instalar nuevos rieles gu\u00edas.<\/p>\n<p><img loading=\"lazy\" decoding=\"async\" class=\"aligncenter size-full wp-image-1676\" src=\"https:\/\/transportevertical.org\/sitio\/wp-content\/uploads\/2024\/08\/rieles.jpg\" alt=\"\" width=\"660\" height=\"330\" srcset=\"https:\/\/transportevertical.org\/sitio\/wp-content\/uploads\/2024\/08\/rieles.jpg 660w, https:\/\/transportevertical.org\/sitio\/wp-content\/uploads\/2024\/08\/rieles-300x150.jpg 300w\" sizes=\"auto, (max-width: 660px) 100vw, 660px\" \/><\/p>\n<p>Para los inventores de ascensores de pasajeros del siglo XIX, dise\u00f1ar nuevas gu\u00edas de ascensores era un problema muy cr\u00edtico, sin embargo, <strong>el posterior desarrollo de la industria de la elevaci\u00f3n lo comienza a resolver con el debut del riel gu\u00eda met\u00e1lico en forma de T<\/strong>, a finales del mismo siglo y perfeccionado durante el primer cuarto del siglo XX.<\/p>\n<p>Relacionado con la pr\u00e1ctica del sector laboral, la instalaci\u00f3n de un ascensor se programa en dos etapas bien definidas: <strong>la mec\u00e1nica y la etapa el\u00e9ctrica.<\/strong><\/p>\n<p>En la etapa mec\u00e1nica, la columna de rieles gu\u00edas tanto para la cabina como para el contrapeso han de cumplir los est\u00e1ndares normativos de <strong>\u201cestar a plomo\u201d <\/strong>y a su vez la cabina como el contrapeso deben estar <strong>\u201cequilibrados\u201d<\/strong> de acuerdo a est\u00e1ndares del fabricante y normativa local. Esto es un requisito b\u00e1sico para obtener una adecuada confortabilidad para el viaje de la cabina. Tambi\u00e9n la confortabilidad se logra con la sumatoria de los dem\u00e1s componentes instalados, tanto mec\u00e1nicos como el\u00e9ctricos, todo ello de conformidad a la normativa vigente, siendo productos de calidad certificada como son los actuales paraca\u00eddas instant\u00e1neos y progresivos.<\/p>\n<figure id=\"attachment_1675\" aria-describedby=\"caption-attachment-1675\" style=\"width: 660px\" class=\"wp-caption aligncenter\"><img loading=\"lazy\" decoding=\"async\" class=\"size-full wp-image-1675\" src=\"https:\/\/transportevertical.org\/sitio\/wp-content\/uploads\/2024\/08\/paracaidas1.jpg\" alt=\"\" width=\"660\" height=\"330\" srcset=\"https:\/\/transportevertical.org\/sitio\/wp-content\/uploads\/2024\/08\/paracaidas1.jpg 660w, https:\/\/transportevertical.org\/sitio\/wp-content\/uploads\/2024\/08\/paracaidas1-300x150.jpg 300w\" sizes=\"auto, (max-width: 660px) 100vw, 660px\" \/><figcaption id=\"caption-attachment-1675\" class=\"wp-caption-text\"><span style=\"font-size: 10pt;\"><em>S es una letra t\u00e9cnica de un fabricante, que indica la holgura existente entre el tipo de cu\u00f1a (1) y el riel gu\u00eda tipo T (2). Seg\u00fan el fabricante, esta holgura de 3 a 5 mm, es diferente en relaci\u00f3n al tipo de paraca\u00eddas dise\u00f1ado.<\/em><\/span><\/figcaption><\/figure>\n<p>&nbsp;<\/p>\n<p>En la Caja de Elevadores, tanto la cabina como el contrapeso se deslizan verticalmente, en viaje programados por los usuarios desde las cabinas, tanto en ascenso como en descenso, en lenguaje coloquial este trayecto lo llamamos <strong>\u201cel sube y baja\u201d. <\/strong><\/p>\n<p>Considerando el trafico permanente de los ascensores, desde el punto de vista t\u00e9cnico, el equipo debe mantener los est\u00e1ndares correctos en todos sus componentes, en este caso la distancia (holgura) definida entre el riel gu\u00eda de cabina y el tipo de cu\u00f1a instalado ha de mantenerse inmodificable.<\/p>\n<p>Los procesos de mantenimiento preventivo obligatorio <strong>(todos los meses),<\/strong> y la <strong>certificaci\u00f3n anual de los ascensores en edificios comerciales y cada dos a\u00f1os en edificios residenciales,<\/strong> tienen por objetivo velar por un transporte en ascensor seguro, esta responsabilidad recae en los propietarios de los edificios, donde la figura del Administrador es gravitante junto a la de los copropietarios.<\/p>\n<p>El desgaste de las zapatas de cabina puede significar la perdida de la holgura entre la cu\u00f1a y el riel, pudiendo provocar una parada de emergencia de la cabina por la acci\u00f3n de acu\u00f1amiento del paraca\u00eddas, eso mismo podr\u00eda suceder cuando usuarios saltan al interior de ascensores durante el trayecto.<\/p>\n<p>En el mundo se siguen construyendo edificios de gran altitud, llamados popularmente <strong>\u201crascacielos\u201d,<\/strong> el desarrollo de los paraca\u00eddas seguir\u00e1 siendo un permanente desaf\u00edo de innovaci\u00f3n y esta historia se escribir\u00e1 p\u00e1gina a p\u00e1gina en todo el orbe. Es el tiempo de los paraca\u00eddas progresivos, compatibles con las velocidades que los ascensores despliegan en los rascacielos y donde el legado de la inventiva humana seguir\u00e1 vigente.<\/p>\n<figure id=\"attachment_1674\" aria-describedby=\"caption-attachment-1674\" style=\"width: 660px\" class=\"wp-caption aligncenter\"><img loading=\"lazy\" decoding=\"async\" class=\"size-full wp-image-1674\" src=\"https:\/\/transportevertical.org\/sitio\/wp-content\/uploads\/2024\/08\/paracaidas2.jpg\" alt=\"\" width=\"660\" height=\"330\" srcset=\"https:\/\/transportevertical.org\/sitio\/wp-content\/uploads\/2024\/08\/paracaidas2.jpg 660w, https:\/\/transportevertical.org\/sitio\/wp-content\/uploads\/2024\/08\/paracaidas2-300x150.jpg 300w\" sizes=\"auto, (max-width: 660px) 100vw, 660px\" \/><figcaption id=\"caption-attachment-1674\" class=\"wp-caption-text\"><span style=\"font-size: 10pt;\"><em>Caja de cu\u00f1a de paraca\u00eddas progresivo, para ascensor con velocidad nominal de 1,75 m\/s y rieles gu\u00edas cuyo espesor es de 10 mm.<\/em><\/span><\/figcaption><\/figure>\n<p>&nbsp;<\/p>\n<p><span style=\"color: #000080;\"><strong>Fuentes referenciales<\/strong><\/span><\/p>\n<ol>\n<li>Ingeniero David A. Cooper, Historia del Paraca\u00eddas, art\u00edculos t\u00e9cnicos. Revista del Ascensor, marzo 2019.<\/li>\n<li>https:\/\/elevatorworld.com\/es\/article\/19th-century-elevator-guides-and-guide-rails\/<\/li>\n<\/ol>\n<p>&nbsp;<\/p>\n<p>&nbsp;<\/p>\n<p>&nbsp;<\/p>\n<p><a href=\"https:\/\/transportevertical.org\/sitio\/el-paracaidas-del-ascensor-un-invento-revolucionario-primera-parte\/\" target=\"_blank\" rel=\"noopener\"><img loading=\"lazy\" decoding=\"async\" class=\"alignleft wp-image-1620 size-medium\" src=\"https:\/\/transportevertical.org\/sitio\/wp-content\/uploads\/2024\/07\/otis-primera-300x150.jpg\" alt=\"\" width=\"300\" height=\"150\" srcset=\"https:\/\/transportevertical.org\/sitio\/wp-content\/uploads\/2024\/07\/otis-primera-300x150.jpg 300w, https:\/\/transportevertical.org\/sitio\/wp-content\/uploads\/2024\/07\/otis-primera.jpg 660w\" sizes=\"auto, (max-width: 300px) 100vw, 300px\" \/><\/a><\/p>\n<p><a href=\"https:\/\/transportevertical.org\/sitio\/el-paracaidas-del-ascensor-un-invento-revolucionario-segunda-parte\/\" target=\"_blank\" rel=\"noopener\"><img loading=\"lazy\" decoding=\"async\" class=\"alignleft wp-image-1621 size-medium\" src=\"https:\/\/transportevertical.org\/sitio\/wp-content\/uploads\/2024\/07\/otis-segunda-300x150.jpg\" alt=\"\" width=\"300\" height=\"150\" srcset=\"https:\/\/transportevertical.org\/sitio\/wp-content\/uploads\/2024\/07\/otis-segunda-300x150.jpg 300w, https:\/\/transportevertical.org\/sitio\/wp-content\/uploads\/2024\/07\/otis-segunda.jpg 660w\" sizes=\"auto, (max-width: 300px) 100vw, 300px\" \/><\/a><\/p>\n","protected":false},"excerpt":{"rendered":"<p>En el art\u00edculo anterior, se\u00f1alamos que el paraca\u00eddas deten\u00eda el descenso de la cabina mediante las cu\u00f1as aprisionando los rieles gu\u00edas &#8211; que en su origen fueron de madera -, y las cu\u00f1as se incrustaban en ellos con una acci\u00f3n de cuchilla, por tanto, estas gu\u00edas deb\u00edan ser cambiadas despu\u00e9s de la actuaci\u00f3n del paraca\u00eddas, &hellip;<\/p>\n","protected":false},"author":1,"featured_media":1622,"comment_status":"closed","ping_status":"closed","sticky":false,"template":"","format":"standard","meta":{"footnotes":""},"categories":[43,1],"tags":[],"class_list":["post-1673","post","type-post","status-publish","format-standard","has-post-thumbnail","","category-43","category-noticias"],"_links":{"self":[{"href":"https:\/\/transportevertical.org\/sitio\/wp-json\/wp\/v2\/posts\/1673","targetHints":{"allow":["GET"]}}],"collection":[{"href":"https:\/\/transportevertical.org\/sitio\/wp-json\/wp\/v2\/posts"}],"about":[{"href":"https:\/\/transportevertical.org\/sitio\/wp-json\/wp\/v2\/types\/post"}],"author":[{"embeddable":true,"href":"https:\/\/transportevertical.org\/sitio\/wp-json\/wp\/v2\/users\/1"}],"replies":[{"embeddable":true,"href":"https:\/\/transportevertical.org\/sitio\/wp-json\/wp\/v2\/comments?post=1673"}],"version-history":[{"count":7,"href":"https:\/\/transportevertical.org\/sitio\/wp-json\/wp\/v2\/posts\/1673\/revisions"}],"predecessor-version":[{"id":1689,"href":"https:\/\/transportevertical.org\/sitio\/wp-json\/wp\/v2\/posts\/1673\/revisions\/1689"}],"wp:featuredmedia":[{"embeddable":true,"href":"https:\/\/transportevertical.org\/sitio\/wp-json\/wp\/v2\/media\/1622"}],"wp:attachment":[{"href":"https:\/\/transportevertical.org\/sitio\/wp-json\/wp\/v2\/media?parent=1673"}],"wp:term":[{"taxonomy":"category","embeddable":true,"href":"https:\/\/transportevertical.org\/sitio\/wp-json\/wp\/v2\/categories?post=1673"},{"taxonomy":"post_tag","embeddable":true,"href":"https:\/\/transportevertical.org\/sitio\/wp-json\/wp\/v2\/tags?post=1673"}],"curies":[{"name":"wp","href":"https:\/\/api.w.org\/{rel}","templated":true}]}}