{"id":1717,"date":"2024-09-20T04:00:40","date_gmt":"2024-09-20T07:00:40","guid":{"rendered":"https:\/\/transportevertical.org\/sitio\/?p=1717"},"modified":"2025-05-08T16:22:04","modified_gmt":"2025-05-08T20:22:04","slug":"unesco-y-ascenval-estado-de-la-situacion","status":"publish","type":"post","link":"https:\/\/transportevertical.org\/sitio\/unesco-y-ascenval-estado-de-la-situacion\/","title":{"rendered":"Unesco y Ascenval: Estado de la Situaci\u00f3n"},"content":{"rendered":"<p><img loading=\"lazy\" decoding=\"async\" class=\"aligncenter size-full wp-image-1719\" src=\"https:\/\/transportevertical.org\/sitio\/wp-content\/uploads\/2024\/09\/unesco-acenval.jpg\" alt=\"\" width=\"660\" height=\"330\" srcset=\"https:\/\/transportevertical.org\/sitio\/wp-content\/uploads\/2024\/09\/unesco-acenval.jpg 660w, https:\/\/transportevertical.org\/sitio\/wp-content\/uploads\/2024\/09\/unesco-acenval-300x150.jpg 300w\" sizes=\"auto, (max-width: 660px) 100vw, 660px\" \/><\/p>\n<audio class=\"wp-audio-shortcode\" id=\"audio-1717-1\" preload=\"none\" style=\"width: 100%;\" controls=\"controls\"><source type=\"audio\/mpeg\" src=\"https:\/\/transportevertical.org\/sitio\/wp-content\/uploads\/2024\/09\/ascenval-unesco.mp3?_=1\" \/><a href=\"https:\/\/transportevertical.org\/sitio\/wp-content\/uploads\/2024\/09\/ascenval-unesco.mp3\">https:\/\/transportevertical.org\/sitio\/wp-content\/uploads\/2024\/09\/ascenval-unesco.mp3<\/a><\/audio>\n<p>Han pasado 26 a\u00f1os desde que el Estado de Chile, un 1\u00b0 de septiembre del a\u00f1o 1998, mediante el Decreto Exento N\u00b0 866 del Ministerio de Educaci\u00f3n, declar\u00f3 como Monumento Hist\u00f3rico a 14 Ascensores de Valpara\u00edso. Entre los considerandos que sustentan esta declaraci\u00f3n, destacamos el quinto de ellos: \u201c<strong>Que, en virtud de esta declaraci\u00f3n de Monumento Hist\u00f3rico, los ascensores de Valpara\u00edso ser\u00e1n postulados como Sitios del Patrimonio Mundial de la UNESCO, en el marco de la Convenci\u00f3n sobre la Protecci\u00f3n del Patrimonio Mundial, Cultural y Natural, junto a otros lugares de Valpara\u00edso.\u201d<\/strong><\/p>\n<p>El art\u00edculo primero del Decreto indica los 14 ascensores que adquirieron tal categor\u00eda:<\/p>\n<p><img loading=\"lazy\" decoding=\"async\" class=\"aligncenter size-full wp-image-1718\" src=\"https:\/\/transportevertical.org\/sitio\/wp-content\/uploads\/2024\/09\/ascensres-valparaiso.jpg\" alt=\"\" width=\"476\" height=\"521\" srcset=\"https:\/\/transportevertical.org\/sitio\/wp-content\/uploads\/2024\/09\/ascensres-valparaiso.jpg 476w, https:\/\/transportevertical.org\/sitio\/wp-content\/uploads\/2024\/09\/ascensres-valparaiso-274x300.jpg 274w\" sizes=\"auto, (max-width: 476px) 100vw, 476px\" \/><\/p>\n<p>El Comit\u00e9 del Patrimonio Mundial de la Organizaci\u00f3n de las Naciones Unidas para la Educaci\u00f3n, la Ciencia y la Cultura (UNESCO), en su XXVII<sup>a <\/sup>Reuni\u00f3n Ordinaria, realizada desde el 30 de junio al 5 de julio de 2003, en la ciudad de Par\u00eds, Francia, resolvi\u00f3 por unanimidad, la inscripci\u00f3n de un Sector del \u00c1rea Hist\u00f3rica de la ciudad-puerto de Valpara\u00edso, en la lista de Patrimonio Mundial. <strong>Dentro de los atributos para tal calificaci\u00f3n destaca la vigencia de la red de ascensores o funiculares de Valpara\u00edso.<\/strong><\/p>\n<p>La Agrupaci\u00f3n de Usuarias y Usuarios de Ascensores de Valpara\u00edso (ASCENVAL), en carta oficial fechada el 25 de mayo de 2024, le comunican al Presidente de la Rep\u00fablica de Chile, el estado de los 14 ascensores, que en su oportunidad fueron declarados Monumento Hist\u00f3rico y de paso mencionan las observaciones de UNESCO, cuya data se remite a noviembre del a\u00f1o 2022, seg\u00fan criterios de la Misi\u00f3n de Asesoramiento T\u00e9cnico que visit\u00f3 Valpara\u00edso.<\/p>\n<p>Las recomendaciones 6, 10, 23 y 27, entre otras, hacen referencias explicitas hacia los ascensores y tambi\u00e9n los trolebuses; <strong>resulta LAMENTABLE la gesti\u00f3n del Estado<\/strong>, que responde con:<\/p>\n<ul>\n<li>Pocas o casi nulas acciones urgentes para evitar el deterioro progresivo de los ascensores fuera de servicio (recomendaci\u00f3n 6).<\/li>\n<li>No existe un plan de gesti\u00f3n de los ascensores (recomendaci\u00f3n 10).<\/li>\n<li>No existe un cronograma de puesta en operaci\u00f3n de los ascensores (recomendaci\u00f3n 23).<\/li>\n<li>La se\u00f1al\u00e9tica es escaza, poco visible y est\u00e1 ubicada a la entrada misma de los ascensores, no siendo un elemento indicativo para llegar al ascensor (recomendaci\u00f3n 27).<\/li>\n<\/ul>\n<p>En s\u00edntesis, la respuesta oficial del Departamento de Gesti\u00f3n Ciudadana a nombre del actual Gobierno, resulta evasiva, remitiendo el tema a otras instancias administrativas, <strong><u>ello significa la ausencia de una Pol\u00edtica de Estado para preservar el valor patrimonial de los ascensores de Valpara\u00edso<\/u><\/strong>, contradiciendo el objetivo original del propio Estado, impulsado a contar del a\u00f1o 1998.<\/p>\n<p>La misi\u00f3n de nuestro medio es difundir el quehacer de la industria de la elevaci\u00f3n desde Chile hacia el mundo. Este articulo con \u00e9nfasis en lo nacional, nos introduce a una tem\u00e1tica relacionado con el valor Patrimonial que significan diversos aparatos del Transporte Vertical como los Ascensores \u2013 Funiculares de Valpara\u00edso.<\/p>\n<p><strong>Fuentes referenciales<\/strong><\/p>\n<ul>\n<li>Decreto Exento N\u00b0 866, del 01.09.1998. Ministerio de Educaci\u00f3n, Rep\u00fablica de Chile.<\/li>\n<li>Carta de ASCENVAL a la UNESCO, 23.05.2024.<\/li>\n<li>Carta de ASCENVAL a la presidencia de la Rep\u00fablica de Chile, 25.05.2024.<\/li>\n<li>Respuesta del Gobierno a ASCENVAL, 31.05.2024.<\/li>\n<\/ul>\n","protected":false},"excerpt":{"rendered":"<p>Han pasado 26 a\u00f1os desde que el Estado de Chile, un 1\u00b0 de septiembre del a\u00f1o 1998, mediante el Decreto Exento N\u00b0 866 del Ministerio de Educaci\u00f3n, declar\u00f3 como Monumento Hist\u00f3rico a 14 Ascensores de Valpara\u00edso. Entre los considerandos que sustentan esta declaraci\u00f3n, destacamos el quinto de ellos: \u201cQue, en virtud de esta declaraci\u00f3n de &hellip;<\/p>\n","protected":false},"author":1,"featured_media":1719,"comment_status":"closed","ping_status":"closed","sticky":false,"template":"","format":"standard","meta":{"footnotes":""},"categories":[43,1],"tags":[27,44,47],"class_list":["post-1717","post","type-post","status-publish","format-standard","has-post-thumbnail","","category-43","category-noticias","tag-ascensores","tag-ascenval","tag-valparaiso"],"_links":{"self":[{"href":"https:\/\/transportevertical.org\/sitio\/wp-json\/wp\/v2\/posts\/1717","targetHints":{"allow":["GET"]}}],"collection":[{"href":"https:\/\/transportevertical.org\/sitio\/wp-json\/wp\/v2\/posts"}],"about":[{"href":"https:\/\/transportevertical.org\/sitio\/wp-json\/wp\/v2\/types\/post"}],"author":[{"embeddable":true,"href":"https:\/\/transportevertical.org\/sitio\/wp-json\/wp\/v2\/users\/1"}],"replies":[{"embeddable":true,"href":"https:\/\/transportevertical.org\/sitio\/wp-json\/wp\/v2\/comments?post=1717"}],"version-history":[{"count":1,"href":"https:\/\/transportevertical.org\/sitio\/wp-json\/wp\/v2\/posts\/1717\/revisions"}],"predecessor-version":[{"id":1721,"href":"https:\/\/transportevertical.org\/sitio\/wp-json\/wp\/v2\/posts\/1717\/revisions\/1721"}],"wp:featuredmedia":[{"embeddable":true,"href":"https:\/\/transportevertical.org\/sitio\/wp-json\/wp\/v2\/media\/1719"}],"wp:attachment":[{"href":"https:\/\/transportevertical.org\/sitio\/wp-json\/wp\/v2\/media?parent=1717"}],"wp:term":[{"taxonomy":"category","embeddable":true,"href":"https:\/\/transportevertical.org\/sitio\/wp-json\/wp\/v2\/categories?post=1717"},{"taxonomy":"post_tag","embeddable":true,"href":"https:\/\/transportevertical.org\/sitio\/wp-json\/wp\/v2\/tags?post=1717"}],"curies":[{"name":"wp","href":"https:\/\/api.w.org\/{rel}","templated":true}]}}