{"id":2113,"date":"2025-12-12T03:00:37","date_gmt":"2025-12-12T06:00:37","guid":{"rendered":"https:\/\/transportevertical.org\/sitio\/?p=2113"},"modified":"2025-12-10T12:38:52","modified_gmt":"2025-12-10T15:38:52","slug":"la-educacion-la-herramienta-mas-poderosa","status":"publish","type":"post","link":"https:\/\/transportevertical.org\/sitio\/la-educacion-la-herramienta-mas-poderosa\/","title":{"rendered":"La educaci\u00f3n: la herramienta m\u00e1s poderosa para prevenir accidentes en el Transporte Vertical y en la vida"},"content":{"rendered":"<p data-start=\"259\" data-end=\"859\"><img loading=\"lazy\" decoding=\"async\" class=\"aligncenter size-full wp-image-2114\" src=\"https:\/\/transportevertical.org\/sitio\/wp-content\/uploads\/2025\/12\/comunidad.jpg\" alt=\"\" width=\"660\" height=\"330\" srcset=\"https:\/\/transportevertical.org\/sitio\/wp-content\/uploads\/2025\/12\/comunidad.jpg 660w, https:\/\/transportevertical.org\/sitio\/wp-content\/uploads\/2025\/12\/comunidad-300x150.jpg 300w\" sizes=\"auto, (max-width: 660px) 100vw, 660px\" \/><\/p>\n<p data-start=\"259\" data-end=\"859\">En el mundo del Transporte Vertical, donde miles de personas diariamente conf\u00edan su movilidad a ascensores, escaleras mec\u00e1nicas y plataformas elevadoras, la seguridad no puede depender \u00fanicamente de la tecnolog\u00eda. Aunque los sistemas actuales son cada vez m\u00e1s sofisticados, es la educaci\u00f3n \u2014esa formaci\u00f3n constante, accesible y clara\u2014 la que realmente transforma comportamientos y reduce riesgos. Un usuario informado act\u00faa con m\u00e1s responsabilidad, un t\u00e9cnico bien preparado toma mejores decisiones, y una comunidad consciente reconoce la importancia de mantener estos equipos en condiciones \u00f3ptimas.<\/p>\n<p data-start=\"861\" data-end=\"1303\">La prevenci\u00f3n comienza mucho antes de que un ascensor falle o una escalera mec\u00e1nica presente un desperfecto. Comienza en el conocimiento. Cuando las personas comprenden c\u00f3mo funciona el equipo que utilizan todos los d\u00edas, cu\u00e1les son sus limitaciones y cu\u00e1les son los riesgos reales asociados a un mal uso, se crea un cambio cultural. Ese cambio es profundo, silencioso y permanente. No requiere alarmismos, sino informaci\u00f3n clara y confiable.<\/p>\n<p data-start=\"1305\" data-end=\"1871\">La revista <em data-start=\"1316\" data-end=\"1337\">Transporte Vertical<\/em> existe para promover precisamente esa cultura: un espacio educativo que acompa\u00f1a a empresas, t\u00e9cnicos, usuarios y comunidades en el desarrollo de h\u00e1bitos seguros. Educar no es solo ense\u00f1ar normas o repetir instrucciones; es formar criterio. Es ayudar a las personas a comprender por qu\u00e9 es importante esperar a que el ascensor se detenga por completo antes de entrar, por qu\u00e9 los ni\u00f1os deben ir siempre de la mano al usar una escalera mec\u00e1nica o por qu\u00e9 el mantenimiento preventivo no es un lujo, sino una responsabilidad compartida.<\/p>\n<p data-start=\"1873\" data-end=\"2309\">La educaci\u00f3n tambi\u00e9n evita accidentes en la vida diaria. Funciona como una br\u00fajula que nos alinea con decisiones m\u00e1s seguras, m\u00e1s informadas y m\u00e1s humanas. Quien aprende a observar su entorno, a anticipar riesgos y a actuar con prudencia desarrolla un h\u00e1bito que no se limita a la cabina de un ascensor: se traslada al hogar, al trabajo, al transporte p\u00fablico y a cada espacio donde la seguridad depende en gran parte de nuestros actos.<\/p>\n<p data-start=\"2311\" data-end=\"2720\">En este sentido, la formaci\u00f3n se convierte en un acto de cuidado colectivo. Cada trabajador capacitado suma a un sistema m\u00e1s confiable. Cada usuario educado aporta a un entorno m\u00e1s seguro. Cada empresa que invierte en aprendizaje, en protocolos claros y en actualizaci\u00f3n constante contribuye al bienestar de miles de personas. La seguridad deja de ser una reacci\u00f3n y se convierte en una cultura de prevenci\u00f3n.<\/p>\n<p data-start=\"2722\" data-end=\"3060\">Como medio especializado, nuestra misi\u00f3n es acompa\u00f1ar ese proceso. Publicamos para ense\u00f1ar, para orientar, para inspirar. Creemos firmemente que un pa\u00eds con m\u00e1s conocimiento es un pa\u00eds con menos accidentes. Y sabemos que la educaci\u00f3n continua, accesible y bien comunicada es la columna vertebral de la seguridad en el Transporte Vertical.<\/p>\n<p data-start=\"3062\" data-end=\"3248\">La tecnolog\u00eda evoluciona; los equipos cambian; las ciudades crecen. Pero la educaci\u00f3n sigue siendo, y seguir\u00e1 siendo siempre, la herramienta m\u00e1s poderosa que tenemos para proteger vidas.<\/p>\n<p data-start=\"3062\" data-end=\"3248\">\n<p data-start=\"3062\" data-end=\"3248\">\n","protected":false},"excerpt":{"rendered":"<p>En el mundo del Transporte Vertical, donde miles de personas diariamente conf\u00edan su movilidad a ascensores, escaleras mec\u00e1nicas y plataformas elevadoras, la seguridad no puede depender \u00fanicamente de la tecnolog\u00eda. Aunque los sistemas actuales son cada vez m\u00e1s sofisticados, es la educaci\u00f3n \u2014esa formaci\u00f3n constante, accesible y clara\u2014 la que realmente transforma comportamientos y reduce &hellip;<\/p>\n","protected":false},"author":2,"featured_media":2114,"comment_status":"closed","ping_status":"closed","sticky":false,"template":"","format":"standard","meta":{"footnotes":""},"categories":[48,1],"tags":[],"class_list":["post-2113","post","type-post","status-publish","format-standard","has-post-thumbnail","","category-48","category-noticias"],"_links":{"self":[{"href":"https:\/\/transportevertical.org\/sitio\/wp-json\/wp\/v2\/posts\/2113","targetHints":{"allow":["GET"]}}],"collection":[{"href":"https:\/\/transportevertical.org\/sitio\/wp-json\/wp\/v2\/posts"}],"about":[{"href":"https:\/\/transportevertical.org\/sitio\/wp-json\/wp\/v2\/types\/post"}],"author":[{"embeddable":true,"href":"https:\/\/transportevertical.org\/sitio\/wp-json\/wp\/v2\/users\/2"}],"replies":[{"embeddable":true,"href":"https:\/\/transportevertical.org\/sitio\/wp-json\/wp\/v2\/comments?post=2113"}],"version-history":[{"count":1,"href":"https:\/\/transportevertical.org\/sitio\/wp-json\/wp\/v2\/posts\/2113\/revisions"}],"predecessor-version":[{"id":2115,"href":"https:\/\/transportevertical.org\/sitio\/wp-json\/wp\/v2\/posts\/2113\/revisions\/2115"}],"wp:featuredmedia":[{"embeddable":true,"href":"https:\/\/transportevertical.org\/sitio\/wp-json\/wp\/v2\/media\/2114"}],"wp:attachment":[{"href":"https:\/\/transportevertical.org\/sitio\/wp-json\/wp\/v2\/media?parent=2113"}],"wp:term":[{"taxonomy":"category","embeddable":true,"href":"https:\/\/transportevertical.org\/sitio\/wp-json\/wp\/v2\/categories?post=2113"},{"taxonomy":"post_tag","embeddable":true,"href":"https:\/\/transportevertical.org\/sitio\/wp-json\/wp\/v2\/tags?post=2113"}],"curies":[{"name":"wp","href":"https:\/\/api.w.org\/{rel}","templated":true}]}}