{"id":2281,"date":"2026-05-01T03:00:45","date_gmt":"2026-05-01T07:00:45","guid":{"rendered":"https:\/\/transportevertical.org\/sitio\/?p=2281"},"modified":"2026-04-30T14:16:18","modified_gmt":"2026-04-30T18:16:18","slug":"editorial-mayo-2026","status":"publish","type":"post","link":"https:\/\/transportevertical.org\/sitio\/editorial-mayo-2026\/","title":{"rendered":"Editorial: Mayo 2026"},"content":{"rendered":"<p><img loading=\"lazy\" decoding=\"async\" class=\"aligncenter size-full wp-image-1642\" src=\"http:\/\/transportevertical.org\/sitio\/wp-content\/uploads\/2024\/08\/editorial-miguel4.jpg\" alt=\"\" width=\"660\" height=\"330\" srcset=\"https:\/\/transportevertical.org\/sitio\/wp-content\/uploads\/2024\/08\/editorial-miguel4.jpg 660w, https:\/\/transportevertical.org\/sitio\/wp-content\/uploads\/2024\/08\/editorial-miguel4-300x150.jpg 300w\" sizes=\"auto, (max-width: 660px) 100vw, 660px\" \/><\/p>\n<p>Comenzamos a transitar mayo, el quinto mes del a\u00f1o en nuestro hemisferio sur. La estaci\u00f3n oto\u00f1al desti\u00f1e progresivamente las hojas de los \u00e1rboles y, cada vez m\u00e1s las personas y familias se refugian temprano en sus hogares, para cobijarse del tiempo frio invernal ad portas.<\/p>\n<p>Este mes es significativo en el plano de las conmemoraciones y celebraciones colectivas que van m\u00e1s all\u00e1 de un pa\u00eds en particular. <strong>El Primero de Mayo, D\u00eda Internacional del Trabajo nos recuerda una gesta reivindicativa de los trabajadores.<\/strong> Los trabajadores de ascensores en nuestro pa\u00eds, lograron una organizaci\u00f3n federativa hoy inactiva, es preocupante, pues los intereses comunes de los mismos, no tienen representaci\u00f3n sectorial, frente a situaciones complejas originadas desde los empleadores o el Estado.<\/p>\n<p><strong>El D\u00eda de la Madre<\/strong> es una celebraci\u00f3n extendida en varios pa\u00edses, realiz\u00e1ndose en diferentes meses y no exclusivamente en el mes de mayo, como acontece ac\u00e1. El origen de este d\u00eda, deviene de varias fuentes: ra\u00edces antiguas con el culto a diosas griegas y romanas \u2013 Rea y Cibeles respectivamente-; tradici\u00f3n cristiana cat\u00f3lica honrando a la Virgen Mar\u00eda; origen moderno desde el siglo XX impulsada por una mujer norteamericana desde 1907 para honrar a su madre y a todas las madres del mundo.<\/p>\n<p>Tambi\u00e9n compartimos novedades de nuestro sector, destacando dos noticias en desarrollo.<\/p>\n<p><strong><u>La primera<\/u><\/strong> dice relaci\u00f3n con un acuerdo del Consejo Municipal de Valpara\u00edso para restaurar el ascensor Polanco, detenido desde mayo del a\u00f1o 2024. Recordamos que este ascensor est\u00e1 declarado Monumento Nacional y su habilitaci\u00f3n beneficiar\u00e1 a m\u00e1s de 1.500 vecinos, permitiendo una conexi\u00f3n r\u00e1pida entre el cerro Polanco y el centro de la ciudad portuaria.<\/p>\n<p><strong><u>La segunda<\/u><\/strong> noticia es de car\u00e1cter internacional y est\u00e1 vinculada con las empresas multinacionales del Transporte Vertical, denominadas las cuatro grandes: Otis, Schindler, TKE y Kone. Kone es una empresa finlandesa y ahora en un segundo intento, est\u00e1 anunciando la compra de TKElevator por 29.400 millones de euros (TKE es de origen alem\u00e1n). Pero atenci\u00f3n, esta compra puede enfrentar una larga investigaci\u00f3n antimonopolio. Europa tiene procesos normativos y regulatorios en los mercados para controlar y evitar distintos tipos de abusos. En Chile, se ha bajado el perfil a esa realidad y\u00a0 se denomina \u201cpermisolog\u00eda\u201d.<\/p>\n<p>En el plano pol\u00edtico de nuestro pa\u00eds, lamentablemente, el nuevo gobierno, sigue aportando incertidumbre; utilizando un lenguaje de \u201creconstrucci\u00f3n\u201d, como si nuestra naci\u00f3n hubiese sido destruida, demolida, arrasada o arruinada, entonces, suscribir este lenguaje pol\u00edtico implica avalar, una manifiesta irrealidad; las actuales autoridades deber\u00edan\u00a0 comenzar a gobernar para propiciar el bienestar del pueblo chileno, considerando siempre la compleja realidad nacional.<\/p>\n<p>En resumen, el mes de mayo contiene convencionalmente dos celebraciones que, recuerdan la valoraci\u00f3n del trabajo como motor de transformaci\u00f3n personal y desarrollo humano integral, por una parte, y la otra parte -en un contexto cada vez m\u00e1s comercial-, se enfatiza y destaca el valor de la maternidad y dedicaci\u00f3n que cumplen las madres como matriz elemental para generar vida propiciando la continuidad de nuestra especie.<\/p>\n<p><strong>El Director<\/strong><\/p>\n","protected":false},"excerpt":{"rendered":"<p>Comenzamos a transitar mayo, el quinto mes del a\u00f1o en nuestro hemisferio sur. La estaci\u00f3n oto\u00f1al desti\u00f1e progresivamente las hojas de los \u00e1rboles y, cada vez m\u00e1s las personas y familias se refugian temprano en sus hogares, para cobijarse del tiempo frio invernal ad portas. Este mes es significativo en el plano de las conmemoraciones &hellip;<\/p>\n","protected":false},"author":1,"featured_media":1642,"comment_status":"closed","ping_status":"closed","sticky":false,"template":"","format":"standard","meta":{"footnotes":""},"categories":[49,11,1],"tags":[],"class_list":["post-2281","post","type-post","status-publish","format-standard","has-post-thumbnail","","category-49","category-editorial","category-noticias"],"_links":{"self":[{"href":"https:\/\/transportevertical.org\/sitio\/wp-json\/wp\/v2\/posts\/2281","targetHints":{"allow":["GET"]}}],"collection":[{"href":"https:\/\/transportevertical.org\/sitio\/wp-json\/wp\/v2\/posts"}],"about":[{"href":"https:\/\/transportevertical.org\/sitio\/wp-json\/wp\/v2\/types\/post"}],"author":[{"embeddable":true,"href":"https:\/\/transportevertical.org\/sitio\/wp-json\/wp\/v2\/users\/1"}],"replies":[{"embeddable":true,"href":"https:\/\/transportevertical.org\/sitio\/wp-json\/wp\/v2\/comments?post=2281"}],"version-history":[{"count":3,"href":"https:\/\/transportevertical.org\/sitio\/wp-json\/wp\/v2\/posts\/2281\/revisions"}],"predecessor-version":[{"id":2284,"href":"https:\/\/transportevertical.org\/sitio\/wp-json\/wp\/v2\/posts\/2281\/revisions\/2284"}],"wp:featuredmedia":[{"embeddable":true,"href":"https:\/\/transportevertical.org\/sitio\/wp-json\/wp\/v2\/media\/1642"}],"wp:attachment":[{"href":"https:\/\/transportevertical.org\/sitio\/wp-json\/wp\/v2\/media?parent=2281"}],"wp:term":[{"taxonomy":"category","embeddable":true,"href":"https:\/\/transportevertical.org\/sitio\/wp-json\/wp\/v2\/categories?post=2281"},{"taxonomy":"post_tag","embeddable":true,"href":"https:\/\/transportevertical.org\/sitio\/wp-json\/wp\/v2\/tags?post=2281"}],"curies":[{"name":"wp","href":"https:\/\/api.w.org\/{rel}","templated":true}]}}