{"id":2418,"date":"2026-09-04T01:00:41","date_gmt":"2026-09-04T05:00:41","guid":{"rendered":"https:\/\/transportevertical.org\/sitio\/?p=2418"},"modified":"2026-09-03T15:37:02","modified_gmt":"2026-09-03T19:37:02","slug":"editorial-septiembre-2026","status":"publish","type":"post","link":"https:\/\/transportevertical.org\/sitio\/editorial-septiembre-2026\/","title":{"rendered":"Editorial: Septiembre 2026"},"content":{"rendered":"<p><img loading=\"lazy\" decoding=\"async\" class=\"aligncenter size-full wp-image-1642\" src=\"http:\/\/transportevertical.org\/sitio\/wp-content\/uploads\/2024\/08\/editorial-miguel4.jpg\" alt=\"\" width=\"660\" height=\"330\" srcset=\"https:\/\/transportevertical.org\/sitio\/wp-content\/uploads\/2024\/08\/editorial-miguel4.jpg 660w, https:\/\/transportevertical.org\/sitio\/wp-content\/uploads\/2024\/08\/editorial-miguel4-300x150.jpg 300w\" sizes=\"auto, (max-width: 660px) 100vw, 660px\" \/><\/p>\n<p>Estimados lectores y lectoras, como medio especializado en difundir la actividad del <strong>Transporte Vertical desde Chile hacia el mundo<\/strong>, no podemos desconocer las secuenciales tragedias ocurridas durante el a\u00f1o 2026, con impacto en los edificios donde operan los diferentes equipos de este medio de transporte.<\/p>\n<p>Antes de finalizar el mes de agosto, el d\u00eda mi\u00e9rcoles 26, una avalancha de agua, inunda el valle del r\u00edo <strong>Trishuli<\/strong>, regi\u00f3n monta\u00f1osa de Nepal cercana a la frontera con China.<\/p>\n<p><img loading=\"lazy\" decoding=\"async\" class=\"aligncenter size-full wp-image-2419\" src=\"http:\/\/transportevertical.org\/sitio\/wp-content\/uploads\/2026\/09\/avalancha.jpg\" alt=\"\" width=\"589\" height=\"267\" srcset=\"https:\/\/transportevertical.org\/sitio\/wp-content\/uploads\/2026\/09\/avalancha.jpg 589w, https:\/\/transportevertical.org\/sitio\/wp-content\/uploads\/2026\/09\/avalancha-300x136.jpg 300w\" sizes=\"auto, (max-width: 589px) 100vw, 589px\" \/><\/p>\n<p>Esta avalancha acuosa arrasa todo a su paso, su inmensa fuerza fue desplegada en minutos fatales y, finalmente se asienta dominando el territorio, siendo el barro su cara visible, dejando entrever un panorama desolador para los equipos de rescate que acceden a las zonas afectadas y tambi\u00e9n para el resto del mundo.<\/p>\n<p>La Humanidad, por la hiperconectividad existente, percibe estos acontecimientos en cosa de minutos, desde las plataformas digitales y las redes sociales. Nuestra memoria recuerda im\u00e1genes de Venezuela, Colombia o Nepal, por nombrar solo algunos pa\u00edses donde se han registrado emergencias asociadas a <strong>terremotos, deslizamientos, incendios y otros fen\u00f3menos naturales extremos. <\/strong><\/p>\n<p>Nosotros, <strong><u>recordamos que el incendio del mes de julio 2026,<\/u><\/strong> ocurrido en el edificio OXY, centro de Bruselas, originado en los inicios de la jornada, y que se traslad\u00f3 hacia el hueco o caja de ascensores, falleciendo 6 trabajadores atrapados en los elevadores, tambi\u00e9n fue una tragedia urbana en el sector de la construcci\u00f3n.<\/p>\n<p>Las v\u00edctimas, fueron personal subcontratado por la multinacional suiza de ascensores y escalera mec\u00e1nicos Schindler.<\/p>\n<p>Tenemos informaci\u00f3n que <strong>Ascensores Schindler (Chile) S.A.,<\/strong> detuvo actividades para informar de este hecho a su personal de terreno y administrativo, realizando un minuto de silencio, en honor a los trabajadores fallecidos.<\/p>\n<p>Finalmente, este noveno mes del a\u00f1o comienza a establecerse en nuestro pa\u00eds, septiembre trae consigo la Primavera y tambi\u00e9n las Fiestas Patrias, pero, siempre nos recuerda los sucesos hist\u00f3ricos consignados en nuestra memoria colectiva, los que necesitamos superar, una tarea pendiente cuesta arriba, dada la realidad pol\u00edtica vigente en nuestro pa\u00eds y en otros de Sudam\u00e9rica.<\/p>\n<p>EL DIRECTOR<\/p>\n","protected":false},"excerpt":{"rendered":"<p>Estimados lectores y lectoras, como medio especializado en difundir la actividad del Transporte Vertical desde Chile hacia el mundo, no podemos desconocer las secuenciales tragedias ocurridas durante el a\u00f1o 2026, con impacto en los edificios donde operan los diferentes equipos de este medio de transporte. Antes de finalizar el mes de agosto, el d\u00eda mi\u00e9rcoles &hellip;<\/p>\n","protected":false},"author":1,"featured_media":1642,"comment_status":"closed","ping_status":"closed","sticky":false,"template":"","format":"standard","meta":{"footnotes":""},"categories":[49,11,1],"tags":[],"class_list":["post-2418","post","type-post","status-publish","format-standard","has-post-thumbnail","","category-49","category-editorial","category-noticias"],"_links":{"self":[{"href":"https:\/\/transportevertical.org\/sitio\/wp-json\/wp\/v2\/posts\/2418","targetHints":{"allow":["GET"]}}],"collection":[{"href":"https:\/\/transportevertical.org\/sitio\/wp-json\/wp\/v2\/posts"}],"about":[{"href":"https:\/\/transportevertical.org\/sitio\/wp-json\/wp\/v2\/types\/post"}],"author":[{"embeddable":true,"href":"https:\/\/transportevertical.org\/sitio\/wp-json\/wp\/v2\/users\/1"}],"replies":[{"embeddable":true,"href":"https:\/\/transportevertical.org\/sitio\/wp-json\/wp\/v2\/comments?post=2418"}],"version-history":[{"count":1,"href":"https:\/\/transportevertical.org\/sitio\/wp-json\/wp\/v2\/posts\/2418\/revisions"}],"predecessor-version":[{"id":2420,"href":"https:\/\/transportevertical.org\/sitio\/wp-json\/wp\/v2\/posts\/2418\/revisions\/2420"}],"wp:featuredmedia":[{"embeddable":true,"href":"https:\/\/transportevertical.org\/sitio\/wp-json\/wp\/v2\/media\/1642"}],"wp:attachment":[{"href":"https:\/\/transportevertical.org\/sitio\/wp-json\/wp\/v2\/media?parent=2418"}],"wp:term":[{"taxonomy":"category","embeddable":true,"href":"https:\/\/transportevertical.org\/sitio\/wp-json\/wp\/v2\/categories?post=2418"},{"taxonomy":"post_tag","embeddable":true,"href":"https:\/\/transportevertical.org\/sitio\/wp-json\/wp\/v2\/tags?post=2418"}],"curies":[{"name":"wp","href":"https:\/\/api.w.org\/{rel}","templated":true}]}}