{"id":25,"date":"2019-10-16T22:01:17","date_gmt":"2019-10-17T01:01:17","guid":{"rendered":"http:\/\/transportevertical.org\/sitio\/?p=25"},"modified":"2024-07-09T15:43:55","modified_gmt":"2024-07-09T19:43:55","slug":"la-taberna-trabajando-por-la-historia","status":"publish","type":"post","link":"https:\/\/transportevertical.org\/sitio\/la-taberna-trabajando-por-la-historia\/","title":{"rendered":"La Taberna: Trabajando por la Historia"},"content":{"rendered":"<p><img loading=\"lazy\" decoding=\"async\" class=\"alignnone wp-image-26 size-full\" src=\"http:\/\/transportevertical.org\/sitio\/wp-content\/uploads\/2019\/10\/banner-lataberna.png\" alt=\"\" width=\"660\" height=\"351\" srcset=\"https:\/\/transportevertical.org\/sitio\/wp-content\/uploads\/2019\/10\/banner-lataberna.png 660w, https:\/\/transportevertical.org\/sitio\/wp-content\/uploads\/2019\/10\/banner-lataberna-300x160.png 300w, https:\/\/transportevertical.org\/sitio\/wp-content\/uploads\/2019\/10\/banner-lataberna-310x165.png 310w\" sizes=\"auto, (max-width: 660px) 100vw, 660px\" \/><\/p>\n<p>El a\u00f1o 2015 la empresa <strong>Ascensores Schindler (Chile) S.A.,<\/strong> conmemor\u00f3 sus primeros <strong>100 a\u00f1os en Chile;<\/strong> para tal efecto realiz\u00f3 una fiesta con todo su personal; los empleados participaron con sus esposas y\/o parejas. Fu\u00e9 una fiesta con discursos y reconocimientos a la trayectoria de los trabajadores m\u00e1s antiguos; realizada en Alto San Francisco, en el casco antiguo de la ciudad de Santiago.<\/p>\n<p>Un sello distintivo de esa actividad fu\u00e9 la presencia de ex trabajadores de la compa\u00f1ia, pertenecientes en su momento a la empresa matriz fundada por don Luis Harnecker y continuada por su hijo Germ\u00e1n.<\/p>\n<p>Dada la presencia de los ex empleados y trabajadores de la antigua empresa\u00a0Harnecker, surgi\u00f3 entre algunos la idea de mantener el contacto con aquellos compa\u00f1eros de actividad, en la idea de compartir sus proyectos de vida, sus historias personales y colectivas y su devenir como ex trabajadores de ascensores.<\/p>\n<p>Las reuniones se empezaron a materializar en el \u00abCirculo de Periodistas\u00bb de la calle Amun\u00e1tegui; la foto corresponde al viernes 6 de mayo de 2016 y de izquierada a\u00a0derecha est\u00e1n Jorge Riquelme Infante, Antonio Escanilla Orellana, Miguel Covarrubias Saavedra y Manuel Vivanco Carrasco.<\/p>\n<p>En la actualidad, esta actividad de los primeros viernes de cada mes, se sigue realizando y el grupo tiene una plataforma de mensajer\u00eda (WhatsApp) llamada <strong>\u00abLA\u00a0TABERNA\u00bb<\/strong>.<\/p>\n<p style=\"text-align: center;\">\u00abEn el mundo laboral<br \/>\nLas historias van y vienen<br \/>\nY como los ascensores<br \/>\nCasi nunca se detienen\u00bb<\/p>\n","protected":false},"excerpt":{"rendered":"<p>El a\u00f1o 2015 la empresa Ascensores Schindler (Chile) S.A., conmemor\u00f3 sus primeros 100 a\u00f1os en Chile; para tal efecto realiz\u00f3 una fiesta con todo su personal; los empleados participaron con sus esposas y\/o parejas. Fu\u00e9 una fiesta con discursos y reconocimientos a la trayectoria de los trabajadores m\u00e1s antiguos; realizada en Alto San Francisco, en &hellip;<\/p>\n","protected":false},"author":1,"featured_media":26,"comment_status":"closed","ping_status":"open","sticky":false,"template":"","format":"standard","meta":{"footnotes":""},"categories":[8,6],"tags":[7],"class_list":["post-25","post","type-post","status-publish","format-standard","has-post-thumbnail","","category-8","category-historia","tag-schindler"],"_links":{"self":[{"href":"https:\/\/transportevertical.org\/sitio\/wp-json\/wp\/v2\/posts\/25","targetHints":{"allow":["GET"]}}],"collection":[{"href":"https:\/\/transportevertical.org\/sitio\/wp-json\/wp\/v2\/posts"}],"about":[{"href":"https:\/\/transportevertical.org\/sitio\/wp-json\/wp\/v2\/types\/post"}],"author":[{"embeddable":true,"href":"https:\/\/transportevertical.org\/sitio\/wp-json\/wp\/v2\/users\/1"}],"replies":[{"embeddable":true,"href":"https:\/\/transportevertical.org\/sitio\/wp-json\/wp\/v2\/comments?post=25"}],"version-history":[{"count":4,"href":"https:\/\/transportevertical.org\/sitio\/wp-json\/wp\/v2\/posts\/25\/revisions"}],"predecessor-version":[{"id":30,"href":"https:\/\/transportevertical.org\/sitio\/wp-json\/wp\/v2\/posts\/25\/revisions\/30"}],"wp:featuredmedia":[{"embeddable":true,"href":"https:\/\/transportevertical.org\/sitio\/wp-json\/wp\/v2\/media\/26"}],"wp:attachment":[{"href":"https:\/\/transportevertical.org\/sitio\/wp-json\/wp\/v2\/media?parent=25"}],"wp:term":[{"taxonomy":"category","embeddable":true,"href":"https:\/\/transportevertical.org\/sitio\/wp-json\/wp\/v2\/categories?post=25"},{"taxonomy":"post_tag","embeddable":true,"href":"https:\/\/transportevertical.org\/sitio\/wp-json\/wp\/v2\/tags?post=25"}],"curies":[{"name":"wp","href":"https:\/\/api.w.org\/{rel}","templated":true}]}}