{"id":440,"date":"2020-03-27T13:37:54","date_gmt":"2020-03-27T16:37:54","guid":{"rendered":"http:\/\/transportevertical.org\/sitio\/?p=440"},"modified":"2025-05-08T16:22:09","modified_gmt":"2025-05-08T20:22:09","slug":"detengamos-el-contagio","status":"publish","type":"post","link":"https:\/\/transportevertical.org\/sitio\/detengamos-el-contagio\/","title":{"rendered":"Detengamos el Contagio"},"content":{"rendered":"<p style=\"text-align: center;\"><iframe loading=\"lazy\" src=\"https:\/\/player.vimeo.com\/video\/401386467\" width=\"640\" height=\"360\" frameborder=\"0\" allowfullscreen=\"allowfullscreen\"><span data-mce-type=\"bookmark\" style=\"display: inline-block; width: 0px; overflow: hidden; line-height: 0;\" class=\"mce_SELRES_start\">\ufeff<\/span><span data-mce-type=\"bookmark\" style=\"display: inline-block; width: 0px; overflow: hidden; line-height: 0;\" class=\"mce_SELRES_start\">\ufeff<\/span><span data-mce-type=\"bookmark\" style=\"display: inline-block; width: 0px; overflow: hidden; line-height: 0;\" class=\"mce_SELRES_start\">\ufeff<\/span><\/iframe><\/p>\n<p>&nbsp;<\/p>\n<p>Estamos viviendo tiempos complicados que requieren el esfuerzo de todos. Por estos d\u00edas, todo el mundo esta bajo una \u00fanica amenaza: el virus COVID-19 y es fundamental que comprendamos c\u00f3mo evitar contribuir a la propagaci\u00f3n de este coronavirus.<\/p>\n<p>Esperamos que cada uno de nosotros, especialmente los miembros de la familia del <strong>Transporte Vertical,<\/strong> contribuyamos a este prop\u00f3sito poniendo en pr\u00e1ctica nuevos y eficaces h\u00e1bitos de higiene, en nuestra convivencia social.<\/p>\n","protected":false},"excerpt":{"rendered":"<p>\ufeff\ufeff\ufeff &nbsp; Estamos viviendo tiempos complicados que requieren el esfuerzo de todos. Por estos d\u00edas, todo el mundo esta bajo una \u00fanica amenaza: el virus COVID-19 y es fundamental que comprendamos c\u00f3mo evitar contribuir a la propagaci\u00f3n de este coronavirus. Esperamos que cada uno de nosotros, especialmente los miembros de la familia del Transporte Vertical, &hellip;<\/p>\n","protected":false},"author":2,"featured_media":442,"comment_status":"closed","ping_status":"open","sticky":false,"template":"","format":"standard","meta":{"footnotes":""},"categories":[1],"tags":[],"class_list":["post-440","post","type-post","status-publish","format-standard","has-post-thumbnail","","category-noticias"],"_links":{"self":[{"href":"https:\/\/transportevertical.org\/sitio\/wp-json\/wp\/v2\/posts\/440","targetHints":{"allow":["GET"]}}],"collection":[{"href":"https:\/\/transportevertical.org\/sitio\/wp-json\/wp\/v2\/posts"}],"about":[{"href":"https:\/\/transportevertical.org\/sitio\/wp-json\/wp\/v2\/types\/post"}],"author":[{"embeddable":true,"href":"https:\/\/transportevertical.org\/sitio\/wp-json\/wp\/v2\/users\/2"}],"replies":[{"embeddable":true,"href":"https:\/\/transportevertical.org\/sitio\/wp-json\/wp\/v2\/comments?post=440"}],"version-history":[{"count":3,"href":"https:\/\/transportevertical.org\/sitio\/wp-json\/wp\/v2\/posts\/440\/revisions"}],"predecessor-version":[{"id":444,"href":"https:\/\/transportevertical.org\/sitio\/wp-json\/wp\/v2\/posts\/440\/revisions\/444"}],"wp:featuredmedia":[{"embeddable":true,"href":"https:\/\/transportevertical.org\/sitio\/wp-json\/wp\/v2\/media\/442"}],"wp:attachment":[{"href":"https:\/\/transportevertical.org\/sitio\/wp-json\/wp\/v2\/media?parent=440"}],"wp:term":[{"taxonomy":"category","embeddable":true,"href":"https:\/\/transportevertical.org\/sitio\/wp-json\/wp\/v2\/categories?post=440"},{"taxonomy":"post_tag","embeddable":true,"href":"https:\/\/transportevertical.org\/sitio\/wp-json\/wp\/v2\/tags?post=440"}],"curies":[{"name":"wp","href":"https:\/\/api.w.org\/{rel}","templated":true}]}}