{"id":606,"date":"2020-07-09T09:57:19","date_gmt":"2020-07-09T13:57:19","guid":{"rendered":"https:\/\/transportevertical.org\/sitio\/?p=606"},"modified":"2025-05-08T16:22:08","modified_gmt":"2025-05-08T20:22:08","slug":"ascensores-y-energia-eolica","status":"publish","type":"post","link":"https:\/\/transportevertical.org\/sitio\/ascensores-y-energia-eolica\/","title":{"rendered":"Ascensores y Energ\u00eda E\u00f3lica"},"content":{"rendered":"<h3><img loading=\"lazy\" decoding=\"async\" class=\"aligncenter size-full wp-image-610\" src=\"https:\/\/transportevertical.org\/sitio\/wp-content\/uploads\/2020\/07\/banner-eolico.png\" alt=\"\" width=\"660\" height=\"351\" srcset=\"https:\/\/transportevertical.org\/sitio\/wp-content\/uploads\/2020\/07\/banner-eolico.png 660w, https:\/\/transportevertical.org\/sitio\/wp-content\/uploads\/2020\/07\/banner-eolico-300x160.png 300w, https:\/\/transportevertical.org\/sitio\/wp-content\/uploads\/2020\/07\/banner-eolico-310x165.png 310w\" sizes=\"auto, (max-width: 660px) 100vw, 660px\" \/><\/h3>\n<h3>La Energ\u00eda E\u00f3lica<\/h3>\n<p>La energ\u00eda e\u00f3lica es aquella energ\u00eda obtenida del viento; en un lenguaje m\u00e1s t\u00e9cnico es aprovechar la energ\u00eda cin\u00e9tica de las masas de aire, energ\u00eda cin\u00e9tica posible de convertir en energ\u00eda mec\u00e1nica para a partir de ella transformarla en electricidad; la energ\u00eda e\u00f3lica es una energ\u00eda renovable. En la actualidad esta energ\u00eda se utiliza principalmente para producir electricidad, conseguida mediante los aerogeneradores que se conectan posteriormente a las grandes redes de distribuci\u00f3n de energ\u00eda el\u00e9ctrica.<\/p>\n<p>En relaci\u00f3n con el origen del t\u00e9rmino e\u00f3lico, diremos que este proviene del lat\u00edn aeolicus, relacionado con <strong>Eolo<\/strong>, el dios de los vientos en la mitolog\u00eda griega.<\/p>\n<figure id=\"attachment_607\" aria-describedby=\"caption-attachment-607\" style=\"width: 660px\" class=\"wp-caption aligncenter\"><img loading=\"lazy\" decoding=\"async\" class=\"wp-image-607 size-full\" src=\"https:\/\/transportevertical.org\/sitio\/wp-content\/uploads\/2020\/07\/banner-eolos.png\" alt=\"\" width=\"660\" height=\"300\" srcset=\"https:\/\/transportevertical.org\/sitio\/wp-content\/uploads\/2020\/07\/banner-eolos.png 660w, https:\/\/transportevertical.org\/sitio\/wp-content\/uploads\/2020\/07\/banner-eolos-300x136.png 300w\" sizes=\"auto, (max-width: 660px) 100vw, 660px\" \/><figcaption id=\"caption-attachment-607\" class=\"wp-caption-text\">Representaciones diversas del dios Eolo, de la mitolog\u00eda griega.<\/figcaption><\/figure>\n<p>&nbsp;<\/p>\n<p>Nuestro pa\u00eds tiene un inmenso potencial para seguir desarrollando esta energ\u00eda renovable, lo anterior, por la extensa l\u00ednea costera que est\u00e1 expuesta a vientos constantes generados en el Pac\u00edfico Sur. Hemos de mencionar que fueron 3 aerogeneradores los que comenzaron a funcionar en noviembre del a\u00f1o 2001, en Alto Baguales de la Regi\u00f3n de Ays\u00e9n siendo la primera instalaci\u00f3n e\u00f3lica de Chile, posteriormente, ya en el a\u00f1o 2017 hab\u00eda en el pa\u00eds 651<br \/>\naerogeneradores, con una capacidad de generar m\u00e1s de 1400 MW; estos hechos nos posicionan como uno de los pa\u00edses de Am\u00e9rica Latina con mayor producci\u00f3n de energ\u00eda el\u00e9ctrica proveniente del recurso e\u00f3lico, despu\u00e9s de Brasil y M\u00e9xico.<\/p>\n<p><strong>Relaci\u00f3n entre Ascensores y Energ\u00eda E\u00f3lica<\/strong><\/p>\n<p>Para que el personal t\u00e9cnico acceda a realizar revisiones y mantenciones peri\u00f3dicas a los aerogeneradores -ubicados en la parte m\u00e1s alta de las torres-, ya sean con turbina horizontal o vertical, es necesario utilizar ascensores, en este caso de un tipo especial o de servicio. Actualmente la industria del Transporte Vertical en el mundo ofrece tres tipos de elevadores para los parques e\u00f3licos, sean estos terrestres o marinos:<\/p>\n<p style=\"padding-left: 30px;\">1. Ascensores de servicio guiados por sirga (cables).<br \/>\n2. Ascensores de servicio de pi\u00f1\u00f3n-cremallera.<br \/>\n3. Ascensores de servicio guiados por escalera.<\/p>\n<p>La instalaci\u00f3n de estos aparatos ser\u00e1 siempre independiente de la escalera de seguridad con que deben contar las torres de los aerogeneradores.<\/p>\n<figure id=\"attachment_608\" aria-describedby=\"caption-attachment-608\" style=\"width: 384px\" class=\"wp-caption aligncenter\"><img loading=\"lazy\" decoding=\"async\" class=\"wp-image-608 size-full\" src=\"https:\/\/transportevertical.org\/sitio\/wp-content\/uploads\/2020\/07\/elevador-torreeolica.jpg\" alt=\"\" width=\"384\" height=\"512\" srcset=\"https:\/\/transportevertical.org\/sitio\/wp-content\/uploads\/2020\/07\/elevador-torreeolica.jpg 384w, https:\/\/transportevertical.org\/sitio\/wp-content\/uploads\/2020\/07\/elevador-torreeolica-225x300.jpg 225w\" sizes=\"auto, (max-width: 384px) 100vw, 384px\" \/><figcaption id=\"caption-attachment-608\" class=\"wp-caption-text\">Elevador situado al interior de la torre e\u00f3lica.<\/figcaption><\/figure>\n<h3>Efectos adversos de los Parques E\u00f3licos<\/h3>\n<p>Los efectos adversos del desarrollo de la energ\u00eda e\u00f3lica tienen que ver, preferentemente, con el impacto en el medio ambiente donde se instalan los parques e\u00f3licos y el tendido de las redes de alta tensi\u00f3n asociadas. El emplazamiento de los parque e\u00f3licos terrestres o marinos, pueden afectar negativamente:<\/p>\n<p style=\"padding-left: 30px;\">a) Las condiciones de vida de las comunidades adyacentes.<br \/>\nb) Destrucci\u00f3n de ecosistemas.<br \/>\nc) Afectaci\u00f3n de \u00e1reas naturales protegidas.<br \/>\nd) Contaminaci\u00f3n visual y ac\u00fastica.<br \/>\ne) Impacto sobre la fauna.<\/p>\n<figure id=\"attachment_609\" aria-describedby=\"caption-attachment-609\" style=\"width: 660px\" class=\"wp-caption aligncenter\"><img loading=\"lazy\" decoding=\"async\" class=\"wp-image-609 size-full\" src=\"https:\/\/transportevertical.org\/sitio\/wp-content\/uploads\/2020\/07\/parque-eolico.png\" alt=\"\" width=\"660\" height=\"351\" srcset=\"https:\/\/transportevertical.org\/sitio\/wp-content\/uploads\/2020\/07\/parque-eolico.png 660w, https:\/\/transportevertical.org\/sitio\/wp-content\/uploads\/2020\/07\/parque-eolico-300x160.png 300w, https:\/\/transportevertical.org\/sitio\/wp-content\/uploads\/2020\/07\/parque-eolico-310x165.png 310w\" sizes=\"auto, (max-width: 660px) 100vw, 660px\" \/><figcaption id=\"caption-attachment-609\" class=\"wp-caption-text\">Parque E\u00f3lico<\/figcaption><\/figure>\n<p>&nbsp;<\/p>\n<p>La instalaci\u00f3n de estos parques debe estar sometida previamente a los estudios de impacto medio ambiental, de conformidad a la legislaci\u00f3n espec\u00edfica de los pa\u00edses que desarrollan este tipo de energ\u00eda y considerando la jurisprudencia internacional en la materia.<\/p>\n","protected":false},"excerpt":{"rendered":"<p>La Energ\u00eda E\u00f3lica La energ\u00eda e\u00f3lica es aquella energ\u00eda obtenida del viento; en un lenguaje m\u00e1s t\u00e9cnico es aprovechar la energ\u00eda cin\u00e9tica de las masas de aire, energ\u00eda cin\u00e9tica posible de convertir en energ\u00eda mec\u00e1nica para a partir de ella transformarla en electricidad; la energ\u00eda e\u00f3lica es una energ\u00eda renovable. En la actualidad esta energ\u00eda &hellip;<\/p>\n","protected":false},"author":1,"featured_media":610,"comment_status":"closed","ping_status":"open","sticky":false,"template":"","format":"standard","meta":{"footnotes":""},"categories":[17,1,15],"tags":[],"class_list":["post-606","post","type-post","status-publish","format-standard","has-post-thumbnail","","category-17","category-noticias","category-tecnologia"],"_links":{"self":[{"href":"https:\/\/transportevertical.org\/sitio\/wp-json\/wp\/v2\/posts\/606","targetHints":{"allow":["GET"]}}],"collection":[{"href":"https:\/\/transportevertical.org\/sitio\/wp-json\/wp\/v2\/posts"}],"about":[{"href":"https:\/\/transportevertical.org\/sitio\/wp-json\/wp\/v2\/types\/post"}],"author":[{"embeddable":true,"href":"https:\/\/transportevertical.org\/sitio\/wp-json\/wp\/v2\/users\/1"}],"replies":[{"embeddable":true,"href":"https:\/\/transportevertical.org\/sitio\/wp-json\/wp\/v2\/comments?post=606"}],"version-history":[{"count":6,"href":"https:\/\/transportevertical.org\/sitio\/wp-json\/wp\/v2\/posts\/606\/revisions"}],"predecessor-version":[{"id":616,"href":"https:\/\/transportevertical.org\/sitio\/wp-json\/wp\/v2\/posts\/606\/revisions\/616"}],"wp:featuredmedia":[{"embeddable":true,"href":"https:\/\/transportevertical.org\/sitio\/wp-json\/wp\/v2\/media\/610"}],"wp:attachment":[{"href":"https:\/\/transportevertical.org\/sitio\/wp-json\/wp\/v2\/media?parent=606"}],"wp:term":[{"taxonomy":"category","embeddable":true,"href":"https:\/\/transportevertical.org\/sitio\/wp-json\/wp\/v2\/categories?post=606"},{"taxonomy":"post_tag","embeddable":true,"href":"https:\/\/transportevertical.org\/sitio\/wp-json\/wp\/v2\/tags?post=606"}],"curies":[{"name":"wp","href":"https:\/\/api.w.org\/{rel}","templated":true}]}}