{"id":657,"date":"2020-07-21T16:28:03","date_gmt":"2020-07-21T20:28:03","guid":{"rendered":"https:\/\/transportevertical.org\/sitio\/?p=657"},"modified":"2025-05-08T16:22:08","modified_gmt":"2025-05-08T20:22:08","slug":"27-de-julio-dia-del-ascensor-en-argentina","status":"publish","type":"post","link":"https:\/\/transportevertical.org\/sitio\/27-de-julio-dia-del-ascensor-en-argentina\/","title":{"rendered":"27 de Julio: D\u00eda del Ascensor en Argentina"},"content":{"rendered":"<h3><img loading=\"lazy\" decoding=\"async\" class=\"aligncenter size-full wp-image-661\" src=\"https:\/\/transportevertical.org\/sitio\/wp-content\/uploads\/2020\/07\/banner-argentina.png\" alt=\"\" width=\"660\" height=\"351\" srcset=\"https:\/\/transportevertical.org\/sitio\/wp-content\/uploads\/2020\/07\/banner-argentina.png 660w, https:\/\/transportevertical.org\/sitio\/wp-content\/uploads\/2020\/07\/banner-argentina-300x160.png 300w, https:\/\/transportevertical.org\/sitio\/wp-content\/uploads\/2020\/07\/banner-argentina-310x165.png 310w\" sizes=\"auto, (max-width: 660px) 100vw, 660px\" \/><\/h3>\n<h3>Presentaci\u00f3n<\/h3>\n<p>Como continuaci\u00f3n del primer art\u00edculo publicado en nuestro medio -mes de enero 2020-, hablaremos de los or\u00edgenes del <strong>DIA DEL ASCENSOR,<\/strong> instituido el a\u00f1o 2000 por la\u00a0<strong>Federaci\u00f3n de Asociaciones y C\u00e1maras de Ascensores de la Rep\u00fablica Argentina,\u00a0FACARA,<\/strong> en conmemoraci\u00f3n de la fundaci\u00f3n de la <strong>SICA<\/strong>, el ya lejano 27 de julio de 1942):\u00a0siendo la primera agrupaci\u00f3n gremial de compa\u00f1\u00edas de ascensores en el pa\u00eds.<\/p>\n<p><img loading=\"lazy\" decoding=\"async\" class=\"aligncenter size-full wp-image-658\" src=\"https:\/\/transportevertical.org\/sitio\/wp-content\/uploads\/2020\/07\/banner-facara.png\" alt=\"\" width=\"660\" height=\"351\" srcset=\"https:\/\/transportevertical.org\/sitio\/wp-content\/uploads\/2020\/07\/banner-facara.png 660w, https:\/\/transportevertical.org\/sitio\/wp-content\/uploads\/2020\/07\/banner-facara-300x160.png 300w, https:\/\/transportevertical.org\/sitio\/wp-content\/uploads\/2020\/07\/banner-facara-310x165.png 310w\" sizes=\"auto, (max-width: 660px) 100vw, 660px\" \/><\/p>\n<p>Han transcurridos 78 a\u00f1os de ese hecho hist\u00f3rico, donde 24 empresas pioneras en la\u00a0actividad gremial iniciaron un camino no exento de dificultades, pero que siempre ha tenido\u00a0un norte claro: \u201cLa Federaci\u00f3n de Ascensores de la Rep\u00fablica Argentina naci\u00f3 con la\u00a0finalidad de nuclear a todos los exponentes del Sector, con una \u00f3ptica integradora de\u00a0todas las ciudades del pa\u00eds y de las distintas expresiones t\u00e9cnicas y comerciales. \u201d(Fragmento del mensaje del Dr. Oscar Pal\u00f3poli, presidente de la Federaci\u00f3n en aqu\u00e9l entonces, palabras visionarias expresadas en la primera celebraci\u00f3n, donde se realiz\u00f3 un\u00a0almuerzo el 5 de agosto del a\u00f1o 2000, evento que tuvo una importante convocatoria).<\/p>\n<p><img loading=\"lazy\" decoding=\"async\" class=\"aligncenter size-full wp-image-258\" src=\"https:\/\/transportevertical.org\/sitio\/wp-content\/uploads\/2020\/01\/SICA.jpg\" alt=\"\" width=\"360\" height=\"120\" srcset=\"https:\/\/transportevertical.org\/sitio\/wp-content\/uploads\/2020\/01\/SICA.jpg 360w, https:\/\/transportevertical.org\/sitio\/wp-content\/uploads\/2020\/01\/SICA-300x100.jpg 300w\" sizes=\"auto, (max-width: 360px) 100vw, 360px\" \/><\/p>\n<h3>Nuestra Revista Digital<\/h3>\n<p>La misi\u00f3n de nuestra revista es la <strong>DIFUSI\u00d3N DE LA INDUSTRIA DEL TRANSPORTE\u00a0VERTICAL,<\/strong> desde Chile en conexi\u00f3n con el mundo, y en esa perspectiva estamos siempre\u00a0atentos a promocionar los adelantos t\u00e9cnicos del sector, la historia de organizaciones gremiales, profesionales y sindicales, la cultura de seguridad, los avances de la normativa y\u00a0regulaciones locales, en fin, toda la tradici\u00f3n cultural que caracteriza a la comunidad\u00a0global del <strong>Transporte Vertical.<\/strong><\/p>\n<p>Como evidencia de lo escrito anteriormente: fue un veh\u00edculo del <strong>Transporte Vertical<\/strong> la\u00a0motivaci\u00f3n principal para que en dos pa\u00edses vecinos -en tiempos diferentes-, distintos\u00a0grupos humanos que conviven con el <strong>ASCENSOR<\/strong>, fundaran organizaciones sociales para\u00a0unirse en la difusi\u00f3n y desarrollo en el tiempo de este importante veh\u00edculo, el que permanece\u00a0presente en insospechados lugares del mundo, y cuya tarea fundamental es movilizar silenciosamente durante todas las estaciones del a\u00f1o, a millones de seres humanos que\u00a0ascienden y descienden de las cabinas transportando sus m\u00e1s caras ilusiones y tambi\u00e9n, las\u00a0preocupaciones propias del diario vivir en tiempos de pandemia.<\/p>\n<p><img loading=\"lazy\" decoding=\"async\" class=\"aligncenter size-full wp-image-659\" src=\"https:\/\/transportevertical.org\/sitio\/wp-content\/uploads\/2020\/07\/banderas-chile-argentina.png\" alt=\"\" width=\"660\" height=\"351\" srcset=\"https:\/\/transportevertical.org\/sitio\/wp-content\/uploads\/2020\/07\/banderas-chile-argentina.png 660w, https:\/\/transportevertical.org\/sitio\/wp-content\/uploads\/2020\/07\/banderas-chile-argentina-300x160.png 300w, https:\/\/transportevertical.org\/sitio\/wp-content\/uploads\/2020\/07\/banderas-chile-argentina-310x165.png 310w\" sizes=\"auto, (max-width: 660px) 100vw, 660px\" \/><\/p>\n<p><img loading=\"lazy\" decoding=\"async\" class=\"aligncenter size-full wp-image-660\" src=\"https:\/\/transportevertical.org\/sitio\/wp-content\/uploads\/2020\/07\/fechas-ascensores.png\" alt=\"\" width=\"660\" height=\"259\" srcset=\"https:\/\/transportevertical.org\/sitio\/wp-content\/uploads\/2020\/07\/fechas-ascensores.png 660w, https:\/\/transportevertical.org\/sitio\/wp-content\/uploads\/2020\/07\/fechas-ascensores-300x118.png 300w\" sizes=\"auto, (max-width: 660px) 100vw, 660px\" \/><\/p>\n<p><img loading=\"lazy\" decoding=\"async\" class=\"aligncenter size-full wp-image-662\" src=\"https:\/\/transportevertical.org\/sitio\/wp-content\/uploads\/2020\/07\/banner-felizdiadelascensor.png\" alt=\"\" width=\"660\" height=\"294\" srcset=\"https:\/\/transportevertical.org\/sitio\/wp-content\/uploads\/2020\/07\/banner-felizdiadelascensor.png 660w, https:\/\/transportevertical.org\/sitio\/wp-content\/uploads\/2020\/07\/banner-felizdiadelascensor-300x134.png 300w\" sizes=\"auto, (max-width: 660px) 100vw, 660px\" \/><\/p>\n","protected":false},"excerpt":{"rendered":"<p>Presentaci\u00f3n Como continuaci\u00f3n del primer art\u00edculo publicado en nuestro medio -mes de enero 2020-, hablaremos de los or\u00edgenes del DIA DEL ASCENSOR, instituido el a\u00f1o 2000 por la\u00a0Federaci\u00f3n de Asociaciones y C\u00e1maras de Ascensores de la Rep\u00fablica Argentina,\u00a0FACARA, en conmemoraci\u00f3n de la fundaci\u00f3n de la SICA, el ya lejano 27 de julio de 1942):\u00a0siendo la &hellip;<\/p>\n","protected":false},"author":1,"featured_media":661,"comment_status":"closed","ping_status":"open","sticky":false,"template":"","format":"standard","meta":{"footnotes":""},"categories":[17,4,1],"tags":[],"class_list":["post-657","post","type-post","status-publish","format-standard","has-post-thumbnail","","category-17","category-internacional","category-noticias"],"_links":{"self":[{"href":"https:\/\/transportevertical.org\/sitio\/wp-json\/wp\/v2\/posts\/657","targetHints":{"allow":["GET"]}}],"collection":[{"href":"https:\/\/transportevertical.org\/sitio\/wp-json\/wp\/v2\/posts"}],"about":[{"href":"https:\/\/transportevertical.org\/sitio\/wp-json\/wp\/v2\/types\/post"}],"author":[{"embeddable":true,"href":"https:\/\/transportevertical.org\/sitio\/wp-json\/wp\/v2\/users\/1"}],"replies":[{"embeddable":true,"href":"https:\/\/transportevertical.org\/sitio\/wp-json\/wp\/v2\/comments?post=657"}],"version-history":[{"count":4,"href":"https:\/\/transportevertical.org\/sitio\/wp-json\/wp\/v2\/posts\/657\/revisions"}],"predecessor-version":[{"id":666,"href":"https:\/\/transportevertical.org\/sitio\/wp-json\/wp\/v2\/posts\/657\/revisions\/666"}],"wp:featuredmedia":[{"embeddable":true,"href":"https:\/\/transportevertical.org\/sitio\/wp-json\/wp\/v2\/media\/661"}],"wp:attachment":[{"href":"https:\/\/transportevertical.org\/sitio\/wp-json\/wp\/v2\/media?parent=657"}],"wp:term":[{"taxonomy":"category","embeddable":true,"href":"https:\/\/transportevertical.org\/sitio\/wp-json\/wp\/v2\/categories?post=657"},{"taxonomy":"post_tag","embeddable":true,"href":"https:\/\/transportevertical.org\/sitio\/wp-json\/wp\/v2\/tags?post=657"}],"curies":[{"name":"wp","href":"https:\/\/api.w.org\/{rel}","templated":true}]}}