{"id":778,"date":"2020-11-16T12:15:05","date_gmt":"2020-11-16T15:15:05","guid":{"rendered":"https:\/\/transportevertical.org\/sitio\/?p=778"},"modified":"2025-05-08T16:22:08","modified_gmt":"2025-05-08T20:22:08","slug":"ascensores-para-peces","status":"publish","type":"post","link":"https:\/\/transportevertical.org\/sitio\/ascensores-para-peces\/","title":{"rendered":"Ascensores para Peces"},"content":{"rendered":"<p><img loading=\"lazy\" decoding=\"async\" class=\"aligncenter size-full wp-image-779\" src=\"https:\/\/transportevertical.org\/sitio\/wp-content\/uploads\/2020\/11\/banner-salmones.png\" alt=\"\" width=\"660\" height=\"351\" srcset=\"https:\/\/transportevertical.org\/sitio\/wp-content\/uploads\/2020\/11\/banner-salmones.png 660w, https:\/\/transportevertical.org\/sitio\/wp-content\/uploads\/2020\/11\/banner-salmones-300x160.png 300w, https:\/\/transportevertical.org\/sitio\/wp-content\/uploads\/2020\/11\/banner-salmones-310x165.png 310w\" sizes=\"auto, (max-width: 660px) 100vw, 660px\" \/><\/p>\n<h4>Relaci\u00f3n entre la humanidad y los animales<\/h4>\n<p>En base a la opini\u00f3n de ge\u00f3logos y geof\u00edsicos modernos, reafirmaremos que la edad de la tierra es sobre 4.500 millones de a\u00f1os y Pangea (\u201ctoda la tierra\u201d, en griego) constituy\u00f3 un \u00fanico supercontinente: inmensa masa de tierra firme que comenz\u00f3 a desgajarse en los actuales continentes.<\/p>\n<p>Esta teor\u00eda de la deriva continental del meteor\u00f3logo y geof\u00edsico alem\u00e1n <strong>Alfred Lothar Wegener<\/strong> (1880-1930) sostenida en su libro El origen de los continentes y los oc\u00e9anos, editado en 1915, fue rechazada por destacados ge\u00f3logos que defend\u00edan teor\u00edas contrapuestas acerca de la evoluci\u00f3n de la tierra; fallecido a la edad de 50 a\u00f1os, pasar\u00edan tres d\u00e9cadas, para llegar la confirmaci\u00f3n geof\u00edsica de que la tect\u00f3nica de placas se traduce en la deriva de los continentes.<\/p>\n<p>Los conceptos anteriores son fundamentales para entender que desde el inicio de la vida en la tierra la humanidad ha tenido una relaci\u00f3n directa con los animales, desde una postura superior o como iguales o de reconocimiento hacia ellos, lo que algunos autores denominan <strong>v\u00ednculo humano-animal (VHA)<\/strong>, teor\u00eda que involucra interacciones psicol\u00f3gicas y fisiol\u00f3gicas complejas entre las personas y sus animales \u2013 principalmente de compa\u00f1\u00eda-, que influyen de manera significativa en la salud humana, en la salud del animal y en el comportamiento de ambos.<\/p>\n<p>Lo anterior, va m\u00e1s all\u00e1 del extendido fen\u00f3meno de las mascotas, que conviven en casas y edificios residenciales, es un hecho demostrado cient\u00edficamente que entre las personas y sus animales de compa\u00f1\u00eda se establece un v\u00ednculo fuerte pues un porcentaje importante de los propietarios les considera incluso m\u00e1s importante que cualquiera de sus amigos.<\/p>\n<h4>Ascensores para Peces<\/h4>\n<p>Dada las consideraciones anteriores, en el mundo del <strong>Transporte Vertical<\/strong> existe lo que se denomina Ascensores para Peces, SI, aunque nuestros lectores no lo crean ello es efectivo y viene de una experiencia realizada en Europa, m\u00e1s precisamente en Espa\u00f1a, que ostenta el r\u00e9cord de ser el pa\u00eds con m\u00e1s ascensores en dicho continente.<\/p>\n<p>No hay que pensar que es un ascensor como los usuales utilizados a diario en muchos edificios del mundo, se trata de un aparato que sirve a los peces para salvar una distancia entre dos puntos.<\/p>\n<p>Entonces surge la pregunta de rigor \u00bfPor qu\u00e9 existen ascensores para peces? Por ejemplo, en el caudaloso <strong>r\u00edo Ebro<\/strong>, los obst\u00e1culos amenazan la continuidad de especies (truchas y salmones), muchos son los peces que suben r\u00edo arriba para depositar sus huevos y otros tantos bajan por el curso del r\u00edo hasta el mar en sus ciclos de migraciones, en estos movimientos naturales de los peces la intervenci\u00f3n humana para utilizar el recurso h\u00eddrico: embalses para abastecimiento y regad\u00edo, centrales hidroel\u00e9ctricas, han afectado el camino natural de los peces que muchas veces acaban heridos intentando subir por el curso del r\u00edo.<\/p>\n<p>Como expresi\u00f3n del <strong>VHA (v\u00ednculo humano-animal)<\/strong> se ha desarrollado un ascensor para peces ubicado en el r\u00edo Taverga, es el primer ascensor fluvial de Asturias que permite a los peces salvar el obst\u00e1culo de la central hidroel\u00e9ctrica en Proaza, usando el aparato los peces salvaran los 17 metros de desnivel, siguiendo el curso natural de la corriente, ello garantiza su ciclo de migraci\u00f3n.<\/p>\n<p>&nbsp;<\/p>\n<p><img loading=\"lazy\" decoding=\"async\" class=\"aligncenter size-full wp-image-781\" src=\"https:\/\/transportevertical.org\/sitio\/wp-content\/uploads\/2020\/11\/ascensor-de-peces.jpg\" alt=\"\" width=\"600\" height=\"400\" srcset=\"https:\/\/transportevertical.org\/sitio\/wp-content\/uploads\/2020\/11\/ascensor-de-peces.jpg 600w, https:\/\/transportevertical.org\/sitio\/wp-content\/uploads\/2020\/11\/ascensor-de-peces-300x200.jpg 300w\" sizes=\"auto, (max-width: 600px) 100vw, 600px\" \/><\/p>\n<h4>Funcionamiento de este tipo de elevadores<\/h4>\n<p>El primer paso es atraer los peces hacia el ascensor, mediante una barrera s\u00f3nica y conducto de agua, a modo de cascada, se llama su atenci\u00f3n y se introducen en una jaula, una vez all\u00ed un dispositivo detecta el n\u00famero de peces y pone en marcha el elevador al llegar a un n\u00famero determinado (s\u00edmil de un pesa-carga), con ello salvaran los 17 metros de desnivel, siguiendo el curso natural de la corriente y eso garantiza su ciclo de migraci\u00f3n.<\/p>\n<p><img loading=\"lazy\" decoding=\"async\" class=\"aligncenter size-full wp-image-780\" src=\"https:\/\/transportevertical.org\/sitio\/wp-content\/uploads\/2020\/11\/esquema-ascensor-de-peces.png\" alt=\"\" width=\"483\" height=\"384\" srcset=\"https:\/\/transportevertical.org\/sitio\/wp-content\/uploads\/2020\/11\/esquema-ascensor-de-peces.png 483w, https:\/\/transportevertical.org\/sitio\/wp-content\/uploads\/2020\/11\/esquema-ascensor-de-peces-300x239.png 300w\" sizes=\"auto, (max-width: 483px) 100vw, 483px\" \/><\/p>\n<p><em>Esta experiencia es de dulce y agraz, pues tiene defensores y detractores.<\/em><\/p>\n<p><em>Como medio que difunde la <strong>Industria del Transporte Vertical<\/strong>, nuestro rol es comunicar la permanente innovaci\u00f3n presente en ella, \u00fatil para armonizar los distintos desaf\u00edos de la humanidad, en este caso: la relaci\u00f3n entre personas y animales.<\/em><\/p>\n<p>&nbsp;<\/p>\n<p style=\"text-align: center;\"><iframe loading=\"lazy\" src=\"https:\/\/www.youtube.com\/embed\/YfZhrlL3tRY\" width=\"560\" height=\"315\" frameborder=\"0\" allowfullscreen=\"allowfullscreen\"><\/iframe><\/p>\n","protected":false},"excerpt":{"rendered":"<p>Relaci\u00f3n entre la humanidad y los animales En base a la opini\u00f3n de ge\u00f3logos y geof\u00edsicos modernos, reafirmaremos que la edad de la tierra es sobre 4.500 millones de a\u00f1os y Pangea (\u201ctoda la tierra\u201d, en griego) constituy\u00f3 un \u00fanico supercontinente: inmensa masa de tierra firme que comenz\u00f3 a desgajarse en los actuales continentes. Esta &hellip;<\/p>\n","protected":false},"author":1,"featured_media":779,"comment_status":"closed","ping_status":"open","sticky":false,"template":"","format":"standard","meta":{"footnotes":""},"categories":[17,1,15],"tags":[],"class_list":["post-778","post","type-post","status-publish","format-standard","has-post-thumbnail","","category-17","category-noticias","category-tecnologia"],"_links":{"self":[{"href":"https:\/\/transportevertical.org\/sitio\/wp-json\/wp\/v2\/posts\/778","targetHints":{"allow":["GET"]}}],"collection":[{"href":"https:\/\/transportevertical.org\/sitio\/wp-json\/wp\/v2\/posts"}],"about":[{"href":"https:\/\/transportevertical.org\/sitio\/wp-json\/wp\/v2\/types\/post"}],"author":[{"embeddable":true,"href":"https:\/\/transportevertical.org\/sitio\/wp-json\/wp\/v2\/users\/1"}],"replies":[{"embeddable":true,"href":"https:\/\/transportevertical.org\/sitio\/wp-json\/wp\/v2\/comments?post=778"}],"version-history":[{"count":3,"href":"https:\/\/transportevertical.org\/sitio\/wp-json\/wp\/v2\/posts\/778\/revisions"}],"predecessor-version":[{"id":784,"href":"https:\/\/transportevertical.org\/sitio\/wp-json\/wp\/v2\/posts\/778\/revisions\/784"}],"wp:featuredmedia":[{"embeddable":true,"href":"https:\/\/transportevertical.org\/sitio\/wp-json\/wp\/v2\/media\/779"}],"wp:attachment":[{"href":"https:\/\/transportevertical.org\/sitio\/wp-json\/wp\/v2\/media?parent=778"}],"wp:term":[{"taxonomy":"category","embeddable":true,"href":"https:\/\/transportevertical.org\/sitio\/wp-json\/wp\/v2\/categories?post=778"},{"taxonomy":"post_tag","embeddable":true,"href":"https:\/\/transportevertical.org\/sitio\/wp-json\/wp\/v2\/tags?post=778"}],"curies":[{"name":"wp","href":"https:\/\/api.w.org\/{rel}","templated":true}]}}