{"id":846,"date":"2021-02-05T12:20:31","date_gmt":"2021-02-05T15:20:31","guid":{"rendered":"https:\/\/transportevertical.org\/sitio\/?p=846"},"modified":"2025-05-08T16:22:07","modified_gmt":"2025-05-08T20:22:07","slug":"torre-b-del-edificio-titanium-instala-tecnologia-de-bioseguridad-permanente-en-sus-ascensores","status":"publish","type":"post","link":"https:\/\/transportevertical.org\/sitio\/torre-b-del-edificio-titanium-instala-tecnologia-de-bioseguridad-permanente-en-sus-ascensores\/","title":{"rendered":"Torre B del Edificio Titanium Instala Tecnolog\u00eda de Bioseguridad Permanente en sus Ascensores"},"content":{"rendered":"<h4><img loading=\"lazy\" decoding=\"async\" class=\"aligncenter size-full wp-image-847\" src=\"https:\/\/transportevertical.org\/sitio\/wp-content\/uploads\/2021\/02\/tv-al-001.png\" alt=\"\" width=\"660\" height=\"351\" srcset=\"https:\/\/transportevertical.org\/sitio\/wp-content\/uploads\/2021\/02\/tv-al-001.png 660w, https:\/\/transportevertical.org\/sitio\/wp-content\/uploads\/2021\/02\/tv-al-001-300x160.png 300w, https:\/\/transportevertical.org\/sitio\/wp-content\/uploads\/2021\/02\/tv-al-001-310x165.png 310w\" sizes=\"auto, (max-width: 660px) 100vw, 660px\" \/><\/h4>\n<h4><\/h4>\n<h4>El D\u00eda en que muchas cosas cambiaron<\/h4>\n<p>En Chile y el mundo, el a\u00f1o 2020 de nuestra era, quedara en la memoria colectiva de varias generaciones. La aparici\u00f3n del <strong>Covid-19<\/strong> en China y notificada al mundo el 31 de diciembre 2019, se expandi\u00f3 con la velocidad de un rayo por todos los continentes; las pr\u00e1cticas de sociabilidad de nuestra humanidad cambiaron, pasaron a ser improcedentes, al menos, temporalmente.<\/p>\n<p>Las grandes ciudades y sus edificios comenzaron a quedar vac\u00edos conforme avanzaba la pandemia, la industria del <strong>Transporte Vertical<\/strong>, empez\u00f3 a desarrollar alternativas innovadoras para preparar sus aparatos y volver a la normalidad cuidando la salud de los millones de personas que se movilizan a diario en estos medios; en este art\u00edculo destacaremos una gesti\u00f3n nacional en el sentido antes mencionado.<\/p>\n<h4>Nuevo aire<\/h4>\n<p>El <strong>Parque Titanium<\/strong> es un conjunto de 3 edificios de 23 pisos cada uno con una altura de 82 metros, este conjunto considera un parque de uso p\u00fablico de 4 hect\u00e1reas aproximadamente, existiendo un Centro de Convenciones y un Boulevard Gastron\u00f3mico, el espacio p\u00fablico permite la conexi\u00f3n de los tres edificios, sin embargo cada torre funciona independiente en accesos y operaci\u00f3n; estas edificaciones son de car\u00e1cter comercial y forman parte de un barrio de negocios en la capital de Santiago de Chile.<\/p>\n<p>Los edificios construidos fueron concebidos con altos est\u00e1ndares de comportamiento ambiental y energ\u00e9tico, como una manera de reforzar el desarrollo inmobiliario, atrayendo y garantizando la llegada de inversionistas y corporaciones.<\/p>\n<p><img loading=\"lazy\" decoding=\"async\" class=\"aligncenter size-full wp-image-848\" src=\"https:\/\/transportevertical.org\/sitio\/wp-content\/uploads\/2021\/02\/tv-al-002.png\" alt=\"\" width=\"660\" height=\"351\" srcset=\"https:\/\/transportevertical.org\/sitio\/wp-content\/uploads\/2021\/02\/tv-al-002.png 660w, https:\/\/transportevertical.org\/sitio\/wp-content\/uploads\/2021\/02\/tv-al-002-300x160.png 300w, https:\/\/transportevertical.org\/sitio\/wp-content\/uploads\/2021\/02\/tv-al-002-310x165.png 310w\" sizes=\"auto, (max-width: 660px) 100vw, 660px\" \/><\/p>\n<p>La <strong>Torre B del Parque Titanium<\/strong>, mediante la administraci\u00f3n de <strong>US Urban Realty Chile<\/strong>, est\u00e1 liderando la protecci\u00f3n de las personas que circulan por el edificio, protecci\u00f3n extendida a los ascensores, aparatos que posibilitan la movilidad vertical al interior de la edificaci\u00f3n.<\/p>\n<p>La instalaci\u00f3n de la <strong>tecnolog\u00eda de bioseguridad<\/strong> en estos equipos, refuerza la <strong>bio-sanitizaci\u00f3n<\/strong> permanente del aire al interior de las cabinas contribuyendo al cuidado de la salud de los usuarios. Condici\u00f3n que no exime a estos del uso de mascarillas y el distanciamiento al interior de estos espacios confinados.<\/p>\n<p><img loading=\"lazy\" decoding=\"async\" class=\"aligncenter size-full wp-image-849\" src=\"https:\/\/transportevertical.org\/sitio\/wp-content\/uploads\/2021\/02\/tv-al-003.png\" alt=\"\" width=\"660\" height=\"351\" srcset=\"https:\/\/transportevertical.org\/sitio\/wp-content\/uploads\/2021\/02\/tv-al-003.png 660w, https:\/\/transportevertical.org\/sitio\/wp-content\/uploads\/2021\/02\/tv-al-003-300x160.png 300w, https:\/\/transportevertical.org\/sitio\/wp-content\/uploads\/2021\/02\/tv-al-003-310x165.png 310w\" sizes=\"auto, (max-width: 660px) 100vw, 660px\" \/><\/p>\n<p><strong>AirLife, empresa nacional de biotecnolog\u00eda<\/strong>, con m\u00e1s de 25 a\u00f1os en Chile fue la responsable de instalar su producto (Oxiyion) en las cabinas de los ascensores garantizando aire puro en recintos cerrados, eliminando virus y bacterias, incluyendo el coronavirus.<\/p>\n<p>La gesti\u00f3n de la administraci\u00f3n del edificio culmina con esta acci\u00f3n, un tratamiento integral en todas las \u00e1reas comunes climatizadas, pues anteriormente ya hab\u00eda instalado esta tecnolog\u00eda en los sistemas de inyecci\u00f3n de aire exterior.<\/p>\n<h4>Responsabilidad Social Empresarial<\/h4>\n<p>Nuestra <strong>Revista Digital<\/strong>, desde octubre 2019 viene impulsando la difusi\u00f3n de la industria del <strong>Transporte Vertical<\/strong> desde Chile hacia el mundo; en dicho prop\u00f3sito nuestro medio seguir\u00e1 perseverando y estamos agradecidos que dicha misi\u00f3n sea comprendida por las empresas del sector, las administraciones y comit\u00e9s de edificios, empleados y trabajadores del rubro que nos han hecho llegar noticias, documentos y fotograf\u00edas, para su publicaci\u00f3n.<\/p>\n<p>Hemos de agregar que la doctrina de la <strong>Responsabilidad Social Empresarial (RSE)<\/strong> indudablemente se manifiesta en este art\u00edculo, donde damos cuenta de una pr\u00e1ctica relacional de la empresa con la sociedad y el medio ambiente.<\/p>\n<p>Se han gestionado los impactos del coronavirus en beneficio de la comunidad y, ello est\u00e1 conectado con la concepci\u00f3n original que los profesionales fundadores asignaron a este proyecto: <strong>sustentabilidad armoniosa<\/strong> con el medio ambiente consolidando un hito urbano en el desarrollo de nuestra capital, Santiago de Chile.<\/p>\n","protected":false},"excerpt":{"rendered":"<p>El D\u00eda en que muchas cosas cambiaron En Chile y el mundo, el a\u00f1o 2020 de nuestra era, quedara en la memoria colectiva de varias generaciones. La aparici\u00f3n del Covid-19 en China y notificada al mundo el 31 de diciembre 2019, se expandi\u00f3 con la velocidad de un rayo por todos los continentes; las pr\u00e1cticas &hellip;<\/p>\n","protected":false},"author":1,"featured_media":847,"comment_status":"closed","ping_status":"open","sticky":false,"template":"","format":"standard","meta":{"footnotes":""},"categories":[18,15],"tags":[],"class_list":["post-846","post","type-post","status-publish","format-standard","has-post-thumbnail","","category-18","category-tecnologia"],"_links":{"self":[{"href":"https:\/\/transportevertical.org\/sitio\/wp-json\/wp\/v2\/posts\/846","targetHints":{"allow":["GET"]}}],"collection":[{"href":"https:\/\/transportevertical.org\/sitio\/wp-json\/wp\/v2\/posts"}],"about":[{"href":"https:\/\/transportevertical.org\/sitio\/wp-json\/wp\/v2\/types\/post"}],"author":[{"embeddable":true,"href":"https:\/\/transportevertical.org\/sitio\/wp-json\/wp\/v2\/users\/1"}],"replies":[{"embeddable":true,"href":"https:\/\/transportevertical.org\/sitio\/wp-json\/wp\/v2\/comments?post=846"}],"version-history":[{"count":2,"href":"https:\/\/transportevertical.org\/sitio\/wp-json\/wp\/v2\/posts\/846\/revisions"}],"predecessor-version":[{"id":851,"href":"https:\/\/transportevertical.org\/sitio\/wp-json\/wp\/v2\/posts\/846\/revisions\/851"}],"wp:featuredmedia":[{"embeddable":true,"href":"https:\/\/transportevertical.org\/sitio\/wp-json\/wp\/v2\/media\/847"}],"wp:attachment":[{"href":"https:\/\/transportevertical.org\/sitio\/wp-json\/wp\/v2\/media?parent=846"}],"wp:term":[{"taxonomy":"category","embeddable":true,"href":"https:\/\/transportevertical.org\/sitio\/wp-json\/wp\/v2\/categories?post=846"},{"taxonomy":"post_tag","embeddable":true,"href":"https:\/\/transportevertical.org\/sitio\/wp-json\/wp\/v2\/tags?post=846"}],"curies":[{"name":"wp","href":"https:\/\/api.w.org\/{rel}","templated":true}]}}