{"id":899,"date":"2021-03-26T17:10:28","date_gmt":"2021-03-26T20:10:28","guid":{"rendered":"https:\/\/transportevertical.org\/sitio\/?p=899"},"modified":"2025-05-08T16:22:07","modified_gmt":"2025-05-08T20:22:07","slug":"un-reconocimiento-por-certificacion-leed","status":"publish","type":"post","link":"https:\/\/transportevertical.org\/sitio\/un-reconocimiento-por-certificacion-leed\/","title":{"rendered":"Un Reconocimiento Por Certificaci\u00f3n LEED"},"content":{"rendered":"<h4><strong><img loading=\"lazy\" decoding=\"async\" class=\"aligncenter size-full wp-image-900\" src=\"https:\/\/transportevertical.org\/sitio\/wp-content\/uploads\/2021\/03\/banner-heaven.png\" alt=\"\" width=\"660\" height=\"351\" srcset=\"https:\/\/transportevertical.org\/sitio\/wp-content\/uploads\/2021\/03\/banner-heaven.png 660w, https:\/\/transportevertical.org\/sitio\/wp-content\/uploads\/2021\/03\/banner-heaven-300x160.png 300w, https:\/\/transportevertical.org\/sitio\/wp-content\/uploads\/2021\/03\/banner-heaven-310x165.png 310w\" sizes=\"auto, (max-width: 660px) 100vw, 660px\" \/>La empresa<\/strong><\/h4>\n<p>HeavenWard Ascensores S.A., es una empresa chilena inscrita en el Registro Nacional de Instaladores, Mantenedores y Certificadores de Ascensores, tanto Verticales como Inclinados o Funiculares, Montacargas y Escaleras o Rampas Mec\u00e1nicas, <strong><em>con el Rol N\u00b0 2, <\/em><\/strong>de acuerdo a la Resoluci\u00f3n N\u00b0 1788 de fecha 9 de septiembre del a\u00f1o 2010 y opera en las categor\u00edas de empresa Instaladora y Mantenedora en el mercado de elevadores de nuestro pa\u00eds desde el a\u00f1o 1993.<\/p>\n<p>Creada por los socios fundadores Carlos Lagos, Gustavo Lagos y Juan Fidelli, todos de profesi\u00f3n ingenieros; su isotipo representativo se inspira en un \u00e1guila y la traducci\u00f3n de Heavenward significa en espa\u00f1ol <strong><em>\u201chacia el cielo\u201d.<\/em><\/strong><\/p>\n<p>Desde sus inicios la empresa se ha vinculado \u2013mediante acuerdos comerciales-, a tecnolog\u00edas del Transporte Vertical originadas en pa\u00edses de la subregi\u00f3n de Asia Oriental como Corea del Sur y Jap\u00f3n; en su primeros a\u00f1os instalo y mantuvo equipos de la <strong><em>tecnolog\u00eda coreana Goldstar <\/em><\/strong><em>y en la <\/em>actualidad instala y mantiene equipos de la <strong><em>marca japonesa Mitsubishi<\/em><\/strong> desde el a\u00f1o 2000.<\/p>\n<p>Ese mismo a\u00f1o, finaliza la fabricaci\u00f3n de ascensores en Corea del Sur y Heavenward Ascensores S.A., asume un contrato para distribuir ascensores y escaleras mec\u00e1nicas Mitsubishi en pa\u00edses del cono sur como: Chile, Argentina, Uruguay y Paraguay.<\/p>\n<h4><strong>El Reconocimiento<\/strong><\/h4>\n<p>Este hito en la historia de Heavenward Ascensores S.A., ha sido otorgado por un medio de comunicaci\u00f3n de allende los Andes, en efecto, en Argentina (con un desarrollo importante de la industria nacional del Transporte Vertical), <strong><em>circula la Revista Subir &amp; Bajar, <\/em><\/strong>esta Revista es la voz oficial de la <strong><em>C\u00e1mara de Ascensores y Afines<\/em><\/strong> y en su edici\u00f3n N\u00b0 137, correspondiente a los meses de enero \u2013 febrero 2021, dedica su nota de tapa y un extenso art\u00edculo al <strong>Centro Nacional de Entrenamiento de Heavenward Ascensores S.A.<\/strong>, edificaci\u00f3n con <strong>Certificaci\u00f3n LEED<\/strong>, categor\u00eda Platinum.<\/p>\n<p>Cuando esta empresa nacional cumpli\u00f3 25 a\u00f1os de funcionamiento en el pa\u00eds, inaugur\u00f3 este centro ubicado en el Parque Industrial la Reina, con el prop\u00f3sito de fortalecer el entrenamiento de su personal t\u00e9cnico para instalaci\u00f3n y mantenimiento de los equipos de la marca que representa.<\/p>\n<p><img loading=\"lazy\" decoding=\"async\" class=\"aligncenter size-full wp-image-901\" src=\"https:\/\/transportevertical.org\/sitio\/wp-content\/uploads\/2021\/03\/banner-edificio01.png\" alt=\"\" width=\"660\" height=\"351\" srcset=\"https:\/\/transportevertical.org\/sitio\/wp-content\/uploads\/2021\/03\/banner-edificio01.png 660w, https:\/\/transportevertical.org\/sitio\/wp-content\/uploads\/2021\/03\/banner-edificio01-300x160.png 300w, https:\/\/transportevertical.org\/sitio\/wp-content\/uploads\/2021\/03\/banner-edificio01-310x165.png 310w\" sizes=\"auto, (max-width: 660px) 100vw, 660px\" \/><\/p>\n<p>Podemos agregar que este reconocimiento otorgado, resulta trascendental para la industria -que \u00a0\u00a0<strong>TRANSPORTE VERTICAL <em>Una Revista Digital &#8211;<\/em><\/strong>, difunde desde Chile hacia el mundo, pues la revista Subir &amp; Bajar est\u00e1 asociada a <strong><em>Elevator World<\/em><\/strong>, una prestigiosa revista mundial, que recientemente realiz\u00f3 un homenaje al medio argentino por sus 50 a\u00f1os de trayectoria.<\/p>\n<p>Un segundo hecho importante dice relaci\u00f3n con la decisi\u00f3n editorial de la revista Subir &amp; Bajar, de inaugurar a partir de este art\u00edculo una nueva secci\u00f3n llamada <strong><em>Espacio Regional<\/em><\/strong>, con la idea de cubrir noticias de los pa\u00edses hispano hablantes de Am\u00e9rica.<\/p>\n<p><strong>\u201cTenemos una breve edad como medio digital (a\u00f1o y medio en internet) y CELEBRAMOS la decisi\u00f3n de nuestro par argentino, los ANIMAMOS A DIFUNDIR EN TODOS LOS SENTIDOS la industria del Transporte Vertical, nuestra raz\u00f3n de ser\u201d.<\/strong><\/p>\n<h4><img loading=\"lazy\" decoding=\"async\" class=\"aligncenter size-full wp-image-902\" src=\"https:\/\/transportevertical.org\/sitio\/wp-content\/uploads\/2021\/03\/banner-leed.png\" alt=\"\" width=\"660\" height=\"351\" srcset=\"https:\/\/transportevertical.org\/sitio\/wp-content\/uploads\/2021\/03\/banner-leed.png 660w, https:\/\/transportevertical.org\/sitio\/wp-content\/uploads\/2021\/03\/banner-leed-300x160.png 300w, https:\/\/transportevertical.org\/sitio\/wp-content\/uploads\/2021\/03\/banner-leed-310x165.png 310w\" sizes=\"auto, (max-width: 660px) 100vw, 660px\" \/><\/h4>\n<h4><strong>La certificaci\u00f3n LEED en Chile<\/strong><\/h4>\n<p>El sistema LEED, acr\u00f3nimo para Liderazgo en Energ\u00eda y Dise\u00f1o Ambiental, es una normativa desarrollada por el Consejo de la Construcci\u00f3n Ecol\u00f3gica de Estados Unidos (U.S. Green Building Council \u2013 USGBC), orientado a todos los tipos de edificios, buscando estrategias de punta para desarrollo sostenible de emplazamiento, ahorro de agua, eficiencia energ\u00e9tica, especificaciones de materiales \/ recursos, y calidad del medio ambiente.<\/p>\n<p>Los edificios que implementan el sistema y logran la certificaci\u00f3n en diferentes niveles pueden reducir el uso de energ\u00eda entre un 24% a un 50%, el uso de agua hasta un 40%, la disminuci\u00f3n de CO2 entre un 33% a un 39% y la reducci\u00f3n de desechos s\u00f3lidos hasta un 70%.<\/p>\n<p>Los niveles de Certificaci\u00f3n del sistema son los siguientes:<\/p>\n<ul>\n<li>Certificaci\u00f3n LEED 40 \u2013 49 puntos.<\/li>\n<li>LEED silver (plata) 50 \u2013 59 puntos.<\/li>\n<li>LEED gold (oro) 60 \u2013 79 puntos.<\/li>\n<li>LEED platinum (platino) mayor a 80 puntos.<\/li>\n<\/ul>\n<p>Globalmente el sistema est\u00e1 vigente desde el 2000 y en nuestro pa\u00eds el a\u00f1o 2010 se obtienen las primeras certificaciones, en la actualidad son m\u00e1s de 300 edificios LEED, concentrados en la zona oriente de Santiago y en la Regi\u00f3n de Tarapac\u00e1.<\/p>\n<p><strong>El Edificio Flor de Azucenas (oficinas) ubicado en Flor de Azucenas N\u00b0 111, Comuna de las Condes, fue desarrollado por la empresa Constructora y Arquitectos EUROCORP S.A., y <u>es el primer edificio en Chile que cuenta con Certificaci\u00f3n LEED categor\u00eda Platino.<\/u><\/strong><\/p>\n<p><img loading=\"lazy\" decoding=\"async\" class=\"aligncenter size-full wp-image-903\" src=\"https:\/\/transportevertical.org\/sitio\/wp-content\/uploads\/2021\/03\/banner-azucenas.png\" alt=\"\" width=\"660\" height=\"351\" srcset=\"https:\/\/transportevertical.org\/sitio\/wp-content\/uploads\/2021\/03\/banner-azucenas.png 660w, https:\/\/transportevertical.org\/sitio\/wp-content\/uploads\/2021\/03\/banner-azucenas-300x160.png 300w, https:\/\/transportevertical.org\/sitio\/wp-content\/uploads\/2021\/03\/banner-azucenas-310x165.png 310w\" sizes=\"auto, (max-width: 660px) 100vw, 660px\" \/><\/p>\n<p>La compa\u00f1\u00eda de seguros m\u00e1s antigua del pa\u00eds con 163 a\u00f1os de trayectoria (Chilena Consolidada-Zurich) adquiri\u00f3 el Edificio Flor de Azucenas. El <strong>Centro de Entrenamiento Nacional de Heavenward Ascensores S.A.,<\/strong> se suma a las edificaciones <strong>LEED Platino<\/strong> y su ubicaci\u00f3n en la zona oriente de Santiago refleja el desarrollo de edificaciones sustentables que impactan positivamente el medio ambiente.<\/p>\n<p>Esperamos que esta tendencia sea masiva y fortalezca tambi\u00e9n la construcci\u00f3n de edificios en el pa\u00eds, como un imperativo \u00e9tico de ir eliminando la inequidad propia de nuestra sociedad.<\/p>\n<p><strong>\u00a0<\/strong><\/p>\n<p><span style=\"font-size: 10pt;\"><strong>Fuentes referenciales <\/strong><\/span><\/p>\n<p><span style=\"font-size: 10pt;\">Revista Subir &amp; Bajar N\u00b0 137.<\/span><br \/>\n<span style=\"font-size: 10pt;\">EMB Construcci\u00f3n, enero 2016.<\/span><br \/>\n<span style=\"font-size: 10pt;\">Diario Sustentable, junio 2018.<\/span><br \/>\n<span style=\"font-size: 10pt;\">www.Heavenward.cl<\/span><\/p>\n","protected":false},"excerpt":{"rendered":"<p>La empresa HeavenWard Ascensores S.A., es una empresa chilena inscrita en el Registro Nacional de Instaladores, Mantenedores y Certificadores de Ascensores, tanto Verticales como Inclinados o Funiculares, Montacargas y Escaleras o Rampas Mec\u00e1nicas, con el Rol N\u00b0 2, de acuerdo a la Resoluci\u00f3n N\u00b0 1788 de fecha 9 de septiembre del a\u00f1o 2010 y opera &hellip;<\/p>\n","protected":false},"author":1,"featured_media":900,"comment_status":"closed","ping_status":"open","sticky":false,"template":"","format":"standard","meta":{"footnotes":""},"categories":[18,13,1],"tags":[],"class_list":["post-899","post","type-post","status-publish","format-standard","has-post-thumbnail","","category-18","category-actualidad","category-noticias"],"_links":{"self":[{"href":"https:\/\/transportevertical.org\/sitio\/wp-json\/wp\/v2\/posts\/899","targetHints":{"allow":["GET"]}}],"collection":[{"href":"https:\/\/transportevertical.org\/sitio\/wp-json\/wp\/v2\/posts"}],"about":[{"href":"https:\/\/transportevertical.org\/sitio\/wp-json\/wp\/v2\/types\/post"}],"author":[{"embeddable":true,"href":"https:\/\/transportevertical.org\/sitio\/wp-json\/wp\/v2\/users\/1"}],"replies":[{"embeddable":true,"href":"https:\/\/transportevertical.org\/sitio\/wp-json\/wp\/v2\/comments?post=899"}],"version-history":[{"count":2,"href":"https:\/\/transportevertical.org\/sitio\/wp-json\/wp\/v2\/posts\/899\/revisions"}],"predecessor-version":[{"id":905,"href":"https:\/\/transportevertical.org\/sitio\/wp-json\/wp\/v2\/posts\/899\/revisions\/905"}],"wp:featuredmedia":[{"embeddable":true,"href":"https:\/\/transportevertical.org\/sitio\/wp-json\/wp\/v2\/media\/900"}],"wp:attachment":[{"href":"https:\/\/transportevertical.org\/sitio\/wp-json\/wp\/v2\/media?parent=899"}],"wp:term":[{"taxonomy":"category","embeddable":true,"href":"https:\/\/transportevertical.org\/sitio\/wp-json\/wp\/v2\/categories?post=899"},{"taxonomy":"post_tag","embeddable":true,"href":"https:\/\/transportevertical.org\/sitio\/wp-json\/wp\/v2\/tags?post=899"}],"curies":[{"name":"wp","href":"https:\/\/api.w.org\/{rel}","templated":true}]}}