{"id":954,"date":"2021-06-22T18:08:41","date_gmt":"2021-06-22T22:08:41","guid":{"rendered":"https:\/\/transportevertical.org\/sitio\/?p=954"},"modified":"2025-05-08T16:22:07","modified_gmt":"2025-05-08T20:22:07","slug":"1938-2021-83-anos-del-22-de-junio-dia-del-trabajador-de-ascensores-en-chile","status":"publish","type":"post","link":"https:\/\/transportevertical.org\/sitio\/1938-2021-83-anos-del-22-de-junio-dia-del-trabajador-de-ascensores-en-chile\/","title":{"rendered":"1938 \u2013 2021: 83 a\u00f1os del 22 de Junio &#8211; \u00a1D\u00eda del Trabajador de Ascensores en Chile!"},"content":{"rendered":"<h4><strong><img loading=\"lazy\" decoding=\"async\" class=\"aligncenter size-full wp-image-960\" src=\"https:\/\/transportevertical.org\/sitio\/wp-content\/uploads\/2021\/06\/banner-dia-del-ascensor-tv.png\" alt=\"\" width=\"660\" height=\"351\" srcset=\"https:\/\/transportevertical.org\/sitio\/wp-content\/uploads\/2021\/06\/banner-dia-del-ascensor-tv.png 660w, https:\/\/transportevertical.org\/sitio\/wp-content\/uploads\/2021\/06\/banner-dia-del-ascensor-tv-300x160.png 300w, https:\/\/transportevertical.org\/sitio\/wp-content\/uploads\/2021\/06\/banner-dia-del-ascensor-tv-310x165.png 310w\" sizes=\"auto, (max-width: 660px) 100vw, 660px\" \/><\/strong><\/h4>\n<h4><strong>Un 22 de junio distinto<\/strong><\/h4>\n<p>La pandemia del Covid-19 nuevamente tiene en cuarentena a casi todas las comunas que conforman la Regi\u00f3n Metropolitana en la capital chilena; los trabajadores de ascensores siguen atendiendo los equipos ubicados en las edificaciones de altura en todo el pa\u00eds.<\/p>\n<p>Esa an\u00f3nima labor la realizan por ser una actividad esencial, trabajan sin supervisi\u00f3n directa, enfrentan los riesgos de contagiarse y tambi\u00e9n los riesgos propios de su labor y ello en un contexto de trabajo en solitario, dada la pr\u00e1ctica extendida en las empresas del rubro, sobre todo materializada en la atenci\u00f3n de emergencias y en las mantenciones preventivas, a fines de la d\u00e9cada de los a\u00f1os 80.<\/p>\n<p>Desde los a\u00f1os noventa, el 22 de junio es nuestro d\u00eda; en la actualidad no celebran la fundaci\u00f3n de su sindicato hist\u00f3rico, s\u00f3lo conmemoran utilizando las redes sociales compartiendo saludos y fotograf\u00edas digitales (sistema moderno que ha relegado a la galer\u00eda de los recuerdos las fotograf\u00edas tradicionales, sean estas en blanco y negro o a color.<\/p>\n<p>&nbsp;<\/p>\n<p><img loading=\"lazy\" decoding=\"async\" class=\"aligncenter size-full wp-image-957\" src=\"https:\/\/transportevertical.org\/sitio\/wp-content\/uploads\/2021\/06\/foto001-1.png\" alt=\"\" width=\"660\" height=\"383\" srcset=\"https:\/\/transportevertical.org\/sitio\/wp-content\/uploads\/2021\/06\/foto001-1.png 660w, https:\/\/transportevertical.org\/sitio\/wp-content\/uploads\/2021\/06\/foto001-1-300x174.png 300w\" sizes=\"auto, (max-width: 660px) 100vw, 660px\" \/><\/p>\n<h4><strong>\u00bfQu\u00e9 nos puede expresar una fotograf\u00eda? <\/strong><\/h4>\n<p>Entre otros conceptos acu\u00f1ados por sus especialistas, rescatamos el siguiente: <strong><em>\u201cEs un instante de tiempo congelado en la memoria\u201d.<\/em><\/strong> Entonces, en las siguientes fotograf\u00edas aportadas por nuestros lectores, rescataremos la memoria colectiva, rescataremos parte de nuestra historia que silenciosamente seguimos construyendo.<\/p>\n<p><img loading=\"lazy\" decoding=\"async\" class=\"aligncenter size-full wp-image-956\" src=\"https:\/\/transportevertical.org\/sitio\/wp-content\/uploads\/2021\/06\/foto01y02.png\" alt=\"\" width=\"660\" height=\"383\" srcset=\"https:\/\/transportevertical.org\/sitio\/wp-content\/uploads\/2021\/06\/foto01y02.png 660w, https:\/\/transportevertical.org\/sitio\/wp-content\/uploads\/2021\/06\/foto01y02-300x174.png 300w\" sizes=\"auto, (max-width: 660px) 100vw, 660px\" \/><\/p>\n<p><strong>En la foto 1<\/strong>, el maestro don Segundo Donoso en una sala de m\u00e1quinas con Aurelio Maraboli y Hugo Toledo.<\/p>\n<p><strong>En la Foto 2<\/strong>, el maestro don Celerino Salazar con su hijo Gustavo, la familia Salazar ha aportado m\u00e1s de tres generaciones a la actividad sectorial.<\/p>\n<p><img loading=\"lazy\" decoding=\"async\" class=\"aligncenter size-full wp-image-958\" src=\"https:\/\/transportevertical.org\/sitio\/wp-content\/uploads\/2021\/06\/foto03y04.png\" alt=\"\" width=\"660\" height=\"383\" srcset=\"https:\/\/transportevertical.org\/sitio\/wp-content\/uploads\/2021\/06\/foto03y04.png 660w, https:\/\/transportevertical.org\/sitio\/wp-content\/uploads\/2021\/06\/foto03y04-300x174.png 300w\" sizes=\"auto, (max-width: 660px) 100vw, 660px\" \/><\/p>\n<p><strong>En la foto 3<\/strong>, el maestro don Carlos C\u00f3rdova Tapia realizando capacitaci\u00f3n en m\u00e1quina reductora a personal t\u00e9cnico (Miguel Covarrubias, Bernardo Burgos y Juan Agurto).<\/p>\n<p><strong>En la Foto 4<\/strong>, el maestro don Manuel Vivanco Carrasco, junto a Juan Jara, dos generaciones de trabajadores que se reencuentran al momento de compartir.<\/p>\n<p><img loading=\"lazy\" decoding=\"async\" class=\"aligncenter size-full wp-image-959\" src=\"https:\/\/transportevertical.org\/sitio\/wp-content\/uploads\/2021\/06\/foto005.png\" alt=\"\" width=\"660\" height=\"383\" srcset=\"https:\/\/transportevertical.org\/sitio\/wp-content\/uploads\/2021\/06\/foto005.png 660w, https:\/\/transportevertical.org\/sitio\/wp-content\/uploads\/2021\/06\/foto005-300x174.png 300w\" sizes=\"auto, (max-width: 660px) 100vw, 660px\" \/><\/p>\n<p><strong>En la foto 5<\/strong>, reflejada en una celebraci\u00f3n social, se aprecia relaci\u00f3n creativa de distintas generaciones de trabajadores: <strong><em>una primera generaci\u00f3n<\/em><\/strong> representada por los maestros Custodio Mart\u00ednez y su hermano Manuel Mart\u00ednez Campos oriundos de Valpara\u00edso y reclutados por los fundadores de la empresa hist\u00f3rica Harnecker, don Custodio es el primero ubicado de pie en la primera fila, mientras que su hermano Manuel est\u00e1 brindando sentado en el cuarto lugar (de derecha a izquierda).<\/p>\n<p><strong><em>La segunda generaci\u00f3n<\/em><\/strong> representada por don Jorge Riquelme Infante, de pie ubicado en el tercer lugar (de derecha a izquierda).<\/p>\n<p><strong><em>La tercera generaci\u00f3n<\/em><\/strong> representada por Juan Agurto y Miguel Covarrubias, sentados y ubicados en primer y segundo lugar.<\/p>\n<p><strong><em>La cuarta generaci\u00f3n<\/em><\/strong> representada por \u00c1lvaro Medina Quiroz (<u>recientemente fallecido en un accidente laboral ejerciendo sus funciones<\/u>), junto a Ricardo Henr\u00edquez C\u00e9spedes y ocupando el quinto y sexto lugar de pie respectivamente<\/p>\n<p><strong><em>La quinta generaci\u00f3n,<\/em><\/strong> en esta fotograf\u00eda est\u00e1 representada por Patricio Espinoza ubicado en la segunda fila sentado en cuarto lugar.<\/p>\n<p><em>Tambi\u00e9n las fotograf\u00edas cuentan historias, y esta \u00faltima sintetiza ello, porque lo que hemos sido y somos en el Transporte Vertical, lo debemos tambi\u00e9n al aporte de muchos Maestros ausentes ya en nuestro entorno, pero hemos heredado de ellos ense\u00f1anzas t\u00e9cnicas, humanas y sociales, que nos hacen diferentes y nos invitan a dejar un legado de responsabilidad y compromiso, para transmitir a las futuras generaciones.<\/em><\/p>\n<p><em>Este el homenaje de nuestra Revista Digital, al 22 de junio y a todos quienes trabajan en el sector laboral que difundimos desde Chile al mundo, siempre con sus blancos y negros, pero siempre con honestidad y transparencia.<\/em><\/p>\n<p>&nbsp;<\/p>\n<h4><strong>Fuentes referenciales<\/strong><\/h4>\n<p>es.slideshare.net\/alvaroblanco\/2012<br \/>\nFotograf\u00edas aportadas por Aurelio Maraboli, Gustavo Salazar, Hans Seemann y Miguel Covarrubias.<\/p>\n","protected":false},"excerpt":{"rendered":"<p>Un 22 de junio distinto La pandemia del Covid-19 nuevamente tiene en cuarentena a casi todas las comunas que conforman la Regi\u00f3n Metropolitana en la capital chilena; los trabajadores de ascensores siguen atendiendo los equipos ubicados en las edificaciones de altura en todo el pa\u00eds. Esa an\u00f3nima labor la realizan por ser una actividad esencial, &hellip;<\/p>\n","protected":false},"author":1,"featured_media":960,"comment_status":"closed","ping_status":"open","sticky":false,"template":"","format":"standard","meta":{"footnotes":""},"categories":[18,14,1],"tags":[],"class_list":["post-954","post","type-post","status-publish","format-standard","has-post-thumbnail","","category-18","category-archivo-fotografico","category-noticias"],"_links":{"self":[{"href":"https:\/\/transportevertical.org\/sitio\/wp-json\/wp\/v2\/posts\/954","targetHints":{"allow":["GET"]}}],"collection":[{"href":"https:\/\/transportevertical.org\/sitio\/wp-json\/wp\/v2\/posts"}],"about":[{"href":"https:\/\/transportevertical.org\/sitio\/wp-json\/wp\/v2\/types\/post"}],"author":[{"embeddable":true,"href":"https:\/\/transportevertical.org\/sitio\/wp-json\/wp\/v2\/users\/1"}],"replies":[{"embeddable":true,"href":"https:\/\/transportevertical.org\/sitio\/wp-json\/wp\/v2\/comments?post=954"}],"version-history":[{"count":1,"href":"https:\/\/transportevertical.org\/sitio\/wp-json\/wp\/v2\/posts\/954\/revisions"}],"predecessor-version":[{"id":961,"href":"https:\/\/transportevertical.org\/sitio\/wp-json\/wp\/v2\/posts\/954\/revisions\/961"}],"wp:featuredmedia":[{"embeddable":true,"href":"https:\/\/transportevertical.org\/sitio\/wp-json\/wp\/v2\/media\/960"}],"wp:attachment":[{"href":"https:\/\/transportevertical.org\/sitio\/wp-json\/wp\/v2\/media?parent=954"}],"wp:term":[{"taxonomy":"category","embeddable":true,"href":"https:\/\/transportevertical.org\/sitio\/wp-json\/wp\/v2\/categories?post=954"},{"taxonomy":"post_tag","embeddable":true,"href":"https:\/\/transportevertical.org\/sitio\/wp-json\/wp\/v2\/tags?post=954"}],"curies":[{"name":"wp","href":"https:\/\/api.w.org\/{rel}","templated":true}]}}